{"id":10893,"date":"2025-07-17T10:57:22","date_gmt":"2025-07-17T10:57:22","guid":{"rendered":"https:\/\/www.umorlagurahumorului.ro\/?p=10893"},"modified":"2025-07-23T07:04:17","modified_gmt":"2025-07-23T07:04:17","slug":"umor-la-gura-humorului-2025-premianti-grafica-satirica","status":"publish","type":"post","link":"https:\/\/www.umorlagurahumorului.ro\/en\/umor-la-gura-humorului-2025-premianti-grafica-satirica\/","title":{"rendered":"Cartoon winners 2025"},"content":{"rendered":"<h4>1st Prize &#8211; Raed Khalil &#8211; Belgia &#8211; Belgium<\/h4>\n\n\t\t<style type=\"text\/css\">\n\t\t\t#gallery-9 {\n\t\t\t\tmargin: auto;\n\t\t\t}\n\t\t\t#gallery-9 .gallery-item {\n\t\t\t\tfloat: left;\n\t\t\t\tmargin-top: 10px;\n\t\t\t\ttext-align: center;\n\t\t\t\twidth: 100%;\n\t\t\t}\n\t\t\t#gallery-9 img {\n\t\t\t\tborder: 2px solid #cfcfcf;\n\t\t\t}\n\t\t\t#gallery-9 .gallery-caption {\n\t\t\t\tmargin-left: 0;\n\t\t\t}\n\t\t\t\/* see gallery_shortcode() in wp-includes\/media.php *\/\n\t\t<\/style>\n\t\t<div id='gallery-9' class='gallery galleryid-10893 gallery-columns-1 gallery-size-large'><dl class='gallery-item'>\n\t\t\t<dt class='gallery-icon landscape'>\n\t\t\t\t<a href='https:\/\/www.umorlagurahumorului.ro\/wp-content\/uploads\/2025\/07\/RAED-KHALIL-SYRIA-1.jpg'><img loading=\"lazy\" decoding=\"async\" width=\"938\" height=\"657\" src=\"https:\/\/www.umorlagurahumorului.ro\/wp-content\/uploads\/2025\/07\/RAED-KHALIL-SYRIA-1-1024x717.jpg\" class=\"attachment-large size-large\" alt=\"\" srcset=\"https:\/\/www.umorlagurahumorului.ro\/wp-content\/uploads\/2025\/07\/RAED-KHALIL-SYRIA-1-1024x717.jpg 1024w, https:\/\/www.umorlagurahumorului.ro\/wp-content\/uploads\/2025\/07\/RAED-KHALIL-SYRIA-1-300x210.jpg 300w, https:\/\/www.umorlagurahumorului.ro\/wp-content\/uploads\/2025\/07\/RAED-KHALIL-SYRIA-1-768x538.jpg 768w, https:\/\/www.umorlagurahumorului.ro\/wp-content\/uploads\/2025\/07\/RAED-KHALIL-SYRIA-1-1536x1076.jpg 1536w, https:\/\/www.umorlagurahumorului.ro\/wp-content\/uploads\/2025\/07\/RAED-KHALIL-SYRIA-1-400x280.jpg 400w, https:\/\/www.umorlagurahumorului.ro\/wp-content\/uploads\/2025\/07\/RAED-KHALIL-SYRIA-1.jpg 2048w\" sizes=\"auto, (max-width: 938px) 100vw, 938px\" \/><\/a>\n\t\t\t<\/dt><\/dl><br style=\"clear: both\" \/>\n\t\t<\/div>\n\n<div class=\"su-spacer\" style=\"height:20px\"><\/div>\n<hr>\n<h4>2nd Prize &#8211; Gelu Pascal &#8211; Rom\u00e2nia &#8211; Romania<\/h4>\n\n\t\t<style type=\"text\/css\">\n\t\t\t#gallery-10 {\n\t\t\t\tmargin: auto;\n\t\t\t}\n\t\t\t#gallery-10 .gallery-item {\n\t\t\t\tfloat: left;\n\t\t\t\tmargin-top: 10px;\n\t\t\t\ttext-align: center;\n\t\t\t\twidth: 100%;\n\t\t\t}\n\t\t\t#gallery-10 img {\n\t\t\t\tborder: 2px solid #cfcfcf;\n\t\t\t}\n\t\t\t#gallery-10 .gallery-caption {\n\t\t\t\tmargin-left: 0;\n\t\t\t}\n\t\t\t\/* see gallery_shortcode() in wp-includes\/media.php *\/\n\t\t<\/style>\n\t\t<div id='gallery-10' class='gallery galleryid-10893 gallery-columns-1 gallery-size-large'><dl class='gallery-item'>\n\t\t\t<dt class='gallery-icon landscape'>\n\t\t\t\t<a href='https:\/\/www.umorlagurahumorului.ro\/wp-content\/uploads\/2025\/07\/Ultima-alegere.jpg'><img loading=\"lazy\" decoding=\"async\" width=\"938\" height=\"665\" src=\"https:\/\/www.umorlagurahumorului.ro\/wp-content\/uploads\/2025\/07\/Ultima-alegere-1024x726.jpg\" class=\"attachment-large size-large\" alt=\"\" srcset=\"https:\/\/www.umorlagurahumorului.ro\/wp-content\/uploads\/2025\/07\/Ultima-alegere-1024x726.jpg 1024w, https:\/\/www.umorlagurahumorului.ro\/wp-content\/uploads\/2025\/07\/Ultima-alegere-300x213.jpg 300w, https:\/\/www.umorlagurahumorului.ro\/wp-content\/uploads\/2025\/07\/Ultima-alegere-768x545.jpg 768w, https:\/\/www.umorlagurahumorului.ro\/wp-content\/uploads\/2025\/07\/Ultima-alegere-1536x1089.jpg 1536w, https:\/\/www.umorlagurahumorului.ro\/wp-content\/uploads\/2025\/07\/Ultima-alegere-400x284.jpg 400w, https:\/\/www.umorlagurahumorului.ro\/wp-content\/uploads\/2025\/07\/Ultima-alegere.jpg 2048w\" sizes=\"auto, (max-width: 938px) 100vw, 938px\" \/><\/a>\n\t\t\t<\/dt><\/dl><br style=\"clear: both\" \/>\n\t\t<\/div>\n\n<div class=\"su-spacer\" style=\"height:20px\"><\/div>\n<hr>\n<h4>3rd Prize &#8211; Liviu St\u0103nil\u0103 &#8211; Rom\u00e2nia &#8211; Romania<\/h4>\n\n\t\t<style type=\"text\/css\">\n\t\t\t#gallery-11 {\n\t\t\t\tmargin: auto;\n\t\t\t}\n\t\t\t#gallery-11 .gallery-item {\n\t\t\t\tfloat: left;\n\t\t\t\tmargin-top: 10px;\n\t\t\t\ttext-align: center;\n\t\t\t\twidth: 100%;\n\t\t\t}\n\t\t\t#gallery-11 img {\n\t\t\t\tborder: 2px solid #cfcfcf;\n\t\t\t}\n\t\t\t#gallery-11 .gallery-caption {\n\t\t\t\tmargin-left: 0;\n\t\t\t}\n\t\t\t\/* see gallery_shortcode() in wp-includes\/media.php *\/\n\t\t<\/style>\n\t\t<div id='gallery-11' class='gallery galleryid-10893 gallery-columns-1 gallery-size-large'><dl class='gallery-item'>\n\t\t\t<dt class='gallery-icon landscape'>\n\t\t\t\t<a href='https:\/\/www.umorlagurahumorului.ro\/wp-content\/uploads\/2025\/07\/wine-choice414.jpg'><img loading=\"lazy\" decoding=\"async\" width=\"938\" height=\"671\" src=\"https:\/\/www.umorlagurahumorului.ro\/wp-content\/uploads\/2025\/07\/wine-choice414-1024x732.jpg\" class=\"attachment-large size-large\" alt=\"\" srcset=\"https:\/\/www.umorlagurahumorului.ro\/wp-content\/uploads\/2025\/07\/wine-choice414-1024x732.jpg 1024w, https:\/\/www.umorlagurahumorului.ro\/wp-content\/uploads\/2025\/07\/wine-choice414-300x214.jpg 300w, https:\/\/www.umorlagurahumorului.ro\/wp-content\/uploads\/2025\/07\/wine-choice414-768x549.jpg 768w, https:\/\/www.umorlagurahumorului.ro\/wp-content\/uploads\/2025\/07\/wine-choice414-1536x1097.jpg 1536w, https:\/\/www.umorlagurahumorului.ro\/wp-content\/uploads\/2025\/07\/wine-choice414-400x286.jpg 400w, https:\/\/www.umorlagurahumorului.ro\/wp-content\/uploads\/2025\/07\/wine-choice414.jpg 2048w\" sizes=\"auto, (max-width: 938px) 100vw, 938px\" \/><\/a>\n\t\t\t<\/dt><\/dl><br style=\"clear: both\" \/>\n\t\t<\/div>\n\n<div class=\"su-spacer\" style=\"height:20px\"><\/div>\n<hr>\n<h4>George Gavrilean Prize &#8211; Hamid Soufi &#8211; Iran<\/h4>\n\n\t\t<style type=\"text\/css\">\n\t\t\t#gallery-12 {\n\t\t\t\tmargin: auto;\n\t\t\t}\n\t\t\t#gallery-12 .gallery-item {\n\t\t\t\tfloat: left;\n\t\t\t\tmargin-top: 10px;\n\t\t\t\ttext-align: center;\n\t\t\t\twidth: 100%;\n\t\t\t}\n\t\t\t#gallery-12 img {\n\t\t\t\tborder: 2px solid #cfcfcf;\n\t\t\t}\n\t\t\t#gallery-12 .gallery-caption {\n\t\t\t\tmargin-left: 0;\n\t\t\t}\n\t\t\t\/* see gallery_shortcode() in wp-includes\/media.php *\/\n\t\t<\/style>\n\t\t<div id='gallery-12' class='gallery galleryid-10893 gallery-columns-1 gallery-size-large'><dl class='gallery-item'>\n\t\t\t<dt class='gallery-icon portrait'>\n\t\t\t\t<a href='https:\/\/www.umorlagurahumorului.ro\/wp-content\/uploads\/2025\/07\/hamid7.jpg'><img loading=\"lazy\" decoding=\"async\" width=\"724\" height=\"1024\" src=\"https:\/\/www.umorlagurahumorului.ro\/wp-content\/uploads\/2025\/07\/hamid7-724x1024.jpg\" class=\"attachment-large size-large\" alt=\"\" srcset=\"https:\/\/www.umorlagurahumorului.ro\/wp-content\/uploads\/2025\/07\/hamid7-724x1024.jpg 724w, https:\/\/www.umorlagurahumorului.ro\/wp-content\/uploads\/2025\/07\/hamid7-212x300.jpg 212w, https:\/\/www.umorlagurahumorului.ro\/wp-content\/uploads\/2025\/07\/hamid7-768x1086.jpg 768w, https:\/\/www.umorlagurahumorului.ro\/wp-content\/uploads\/2025\/07\/hamid7-1086x1536.jpg 1086w, https:\/\/www.umorlagurahumorului.ro\/wp-content\/uploads\/2025\/07\/hamid7-400x566.jpg 400w, https:\/\/www.umorlagurahumorului.ro\/wp-content\/uploads\/2025\/07\/hamid7.jpg 1448w\" sizes=\"auto, (max-width: 724px) 100vw, 724px\" \/><\/a>\n\t\t\t<\/dt><\/dl><br style=\"clear: both\" \/>\n\t\t<\/div>\n\n<div class=\"su-spacer\" style=\"height:20px\"><\/div>\n<hr>\n<h4>Viorel Corodescu COV Prize &#8211; Lucian Sergiu F\u0103rc\u0103\u0219anu &#8211; Rom\u00e2nia &#8211; Romania<\/h4>\n\n\t\t<style type=\"text\/css\">\n\t\t\t#gallery-13 {\n\t\t\t\tmargin: auto;\n\t\t\t}\n\t\t\t#gallery-13 .gallery-item {\n\t\t\t\tfloat: left;\n\t\t\t\tmargin-top: 10px;\n\t\t\t\ttext-align: center;\n\t\t\t\twidth: 100%;\n\t\t\t}\n\t\t\t#gallery-13 img {\n\t\t\t\tborder: 2px solid #cfcfcf;\n\t\t\t}\n\t\t\t#gallery-13 .gallery-caption {\n\t\t\t\tmargin-left: 0;\n\t\t\t}\n\t\t\t\/* see gallery_shortcode() in wp-includes\/media.php *\/\n\t\t<\/style>\n\t\t<div id='gallery-13' class='gallery galleryid-10893 gallery-columns-1 gallery-size-large'><dl class='gallery-item'>\n\t\t\t<dt class='gallery-icon portrait'>\n\t\t\t\t<a href='https:\/\/www.umorlagurahumorului.ro\/wp-content\/uploads\/2025\/07\/Farcasanu_Sergiu_Romania_02_Capcaun.jpg'><img loading=\"lazy\" decoding=\"async\" width=\"724\" height=\"1024\" src=\"https:\/\/www.umorlagurahumorului.ro\/wp-content\/uploads\/2025\/07\/Farcasanu_Sergiu_Romania_02_Capcaun-724x1024.jpg\" class=\"attachment-large size-large\" alt=\"\" srcset=\"https:\/\/www.umorlagurahumorului.ro\/wp-content\/uploads\/2025\/07\/Farcasanu_Sergiu_Romania_02_Capcaun-724x1024.jpg 724w, https:\/\/www.umorlagurahumorului.ro\/wp-content\/uploads\/2025\/07\/Farcasanu_Sergiu_Romania_02_Capcaun-212x300.jpg 212w, https:\/\/www.umorlagurahumorului.ro\/wp-content\/uploads\/2025\/07\/Farcasanu_Sergiu_Romania_02_Capcaun-768x1086.jpg 768w, https:\/\/www.umorlagurahumorului.ro\/wp-content\/uploads\/2025\/07\/Farcasanu_Sergiu_Romania_02_Capcaun-1086x1536.jpg 1086w, https:\/\/www.umorlagurahumorului.ro\/wp-content\/uploads\/2025\/07\/Farcasanu_Sergiu_Romania_02_Capcaun-400x566.jpg 400w, https:\/\/www.umorlagurahumorului.ro\/wp-content\/uploads\/2025\/07\/Farcasanu_Sergiu_Romania_02_Capcaun.jpg 1240w\" sizes=\"auto, (max-width: 724px) 100vw, 724px\" \/><\/a>\n\t\t\t<\/dt><\/dl><br style=\"clear: both\" \/>\n\t\t<\/div>\n\n<div class=\"su-spacer\" style=\"height:20px\"><\/div>\n<hr>\n<h4>Menttions<\/h4>\n\n\t\t<style type=\"text\/css\">\n\t\t\t#gallery-14 {\n\t\t\t\tmargin: auto;\n\t\t\t}\n\t\t\t#gallery-14 .gallery-item {\n\t\t\t\tfloat: left;\n\t\t\t\tmargin-top: 10px;\n\t\t\t\ttext-align: center;\n\t\t\t\twidth: 33%;\n\t\t\t}\n\t\t\t#gallery-14 img {\n\t\t\t\tborder: 2px solid #cfcfcf;\n\t\t\t}\n\t\t\t#gallery-14 .gallery-caption {\n\t\t\t\tmargin-left: 0;\n\t\t\t}\n\t\t\t\/* see gallery_shortcode() in wp-includes\/media.php *\/\n\t\t<\/style>\n\t\t<div id='gallery-14' class='gallery galleryid-10893 gallery-columns-3 gallery-size-medium'><dl class='gallery-item'>\n\t\t\t<dt class='gallery-icon portrait'>\n\t\t\t\t<a href='https:\/\/www.umorlagurahumorului.ro\/wp-content\/uploads\/2025\/07\/Mentiunea-1-Ramon-Diaz-Yanes-Cuba.jpg'><img loading=\"lazy\" decoding=\"async\" width=\"212\" height=\"300\" src=\"https:\/\/www.umorlagurahumorului.ro\/wp-content\/uploads\/2025\/07\/Mentiunea-1-Ramon-Diaz-Yanes-Cuba-212x300.jpg\" class=\"attachment-medium size-medium\" alt=\"\" aria-describedby=\"gallery-14-10869\" srcset=\"https:\/\/www.umorlagurahumorului.ro\/wp-content\/uploads\/2025\/07\/Mentiunea-1-Ramon-Diaz-Yanes-Cuba-212x300.jpg 212w, https:\/\/www.umorlagurahumorului.ro\/wp-content\/uploads\/2025\/07\/Mentiunea-1-Ramon-Diaz-Yanes-Cuba-724x1024.jpg 724w, https:\/\/www.umorlagurahumorului.ro\/wp-content\/uploads\/2025\/07\/Mentiunea-1-Ramon-Diaz-Yanes-Cuba-768x1086.jpg 768w, https:\/\/www.umorlagurahumorului.ro\/wp-content\/uploads\/2025\/07\/Mentiunea-1-Ramon-Diaz-Yanes-Cuba-1086x1536.jpg 1086w, https:\/\/www.umorlagurahumorului.ro\/wp-content\/uploads\/2025\/07\/Mentiunea-1-Ramon-Diaz-Yanes-Cuba-400x566.jpg 400w, https:\/\/www.umorlagurahumorului.ro\/wp-content\/uploads\/2025\/07\/Mentiunea-1-Ramon-Diaz-Yanes-Cuba.jpg 1448w\" sizes=\"auto, (max-width: 212px) 100vw, 212px\" \/><\/a>\n\t\t\t<\/dt>\n\t\t\t\t<dd class='wp-caption-text gallery-caption' id='gallery-14-10869'>\n\t\t\t\tMen\u021biunea 1 &#8211; Ram\u00f3n D\u00edaz Yanes &#8211; Cuba\n\t\t\t\t<\/dd><\/dl><dl class='gallery-item'>\n\t\t\t<dt class='gallery-icon landscape'>\n\t\t\t\t<a href='https:\/\/www.umorlagurahumorului.ro\/wp-content\/uploads\/2025\/07\/Mentiunea-2-Horia-Crisan-Romania-Romania.jpg'><img loading=\"lazy\" decoding=\"async\" width=\"300\" height=\"212\" src=\"https:\/\/www.umorlagurahumorului.ro\/wp-content\/uploads\/2025\/07\/Mentiunea-2-Horia-Crisan-Romania-Romania-300x212.jpg\" class=\"attachment-medium size-medium\" alt=\"\" aria-describedby=\"gallery-14-10870\" srcset=\"https:\/\/www.umorlagurahumorului.ro\/wp-content\/uploads\/2025\/07\/Mentiunea-2-Horia-Crisan-Romania-Romania-300x212.jpg 300w, https:\/\/www.umorlagurahumorului.ro\/wp-content\/uploads\/2025\/07\/Mentiunea-2-Horia-Crisan-Romania-Romania-1024x725.jpg 1024w, https:\/\/www.umorlagurahumorului.ro\/wp-content\/uploads\/2025\/07\/Mentiunea-2-Horia-Crisan-Romania-Romania-768x543.jpg 768w, https:\/\/www.umorlagurahumorului.ro\/wp-content\/uploads\/2025\/07\/Mentiunea-2-Horia-Crisan-Romania-Romania-1536x1087.jpg 1536w, https:\/\/www.umorlagurahumorului.ro\/wp-content\/uploads\/2025\/07\/Mentiunea-2-Horia-Crisan-Romania-Romania-400x283.jpg 400w, https:\/\/www.umorlagurahumorului.ro\/wp-content\/uploads\/2025\/07\/Mentiunea-2-Horia-Crisan-Romania-Romania.jpg 2048w\" sizes=\"auto, (max-width: 300px) 100vw, 300px\" \/><\/a>\n\t\t\t<\/dt>\n\t\t\t\t<dd class='wp-caption-text gallery-caption' id='gallery-14-10870'>\n\t\t\t\tMen\u021biunea 2 &#8211; Horia Cri\u0219an &#8211; Romania- Rom\u00e2nia\n\t\t\t\t<\/dd><\/dl><dl class='gallery-item'>\n\t\t\t<dt class='gallery-icon landscape'>\n\t\t\t\t<a href='https:\/\/www.umorlagurahumorului.ro\/wp-content\/uploads\/2025\/07\/Mentiunea-2-Spiro-Radulovic-Serbia.jpg'><img loading=\"lazy\" decoding=\"async\" width=\"300\" height=\"212\" src=\"https:\/\/www.umorlagurahumorului.ro\/wp-content\/uploads\/2025\/07\/Mentiunea-2-Spiro-Radulovic-Serbia-300x212.jpg\" class=\"attachment-medium size-medium\" alt=\"\" aria-describedby=\"gallery-14-10871\" srcset=\"https:\/\/www.umorlagurahumorului.ro\/wp-content\/uploads\/2025\/07\/Mentiunea-2-Spiro-Radulovic-Serbia-300x212.jpg 300w, https:\/\/www.umorlagurahumorului.ro\/wp-content\/uploads\/2025\/07\/Mentiunea-2-Spiro-Radulovic-Serbia-1024x725.jpg 1024w, https:\/\/www.umorlagurahumorului.ro\/wp-content\/uploads\/2025\/07\/Mentiunea-2-Spiro-Radulovic-Serbia-768x544.jpg 768w, https:\/\/www.umorlagurahumorului.ro\/wp-content\/uploads\/2025\/07\/Mentiunea-2-Spiro-Radulovic-Serbia-1536x1088.jpg 1536w, https:\/\/www.umorlagurahumorului.ro\/wp-content\/uploads\/2025\/07\/Mentiunea-2-Spiro-Radulovic-Serbia-400x283.jpg 400w, https:\/\/www.umorlagurahumorului.ro\/wp-content\/uploads\/2025\/07\/Mentiunea-2-Spiro-Radulovic-Serbia.jpg 2048w\" sizes=\"auto, (max-width: 300px) 100vw, 300px\" \/><\/a>\n\t\t\t<\/dt>\n\t\t\t\t<dd class='wp-caption-text gallery-caption' id='gallery-14-10871'>\n\t\t\t\tMen\u021biunea 2 &#8211; Spiro Radulovic &#8211; Serbia\n\t\t\t\t<\/dd><\/dl><br style=\"clear: both\" \/><dl class='gallery-item'>\n\t\t\t<dt class='gallery-icon landscape'>\n\t\t\t\t<a href='https:\/\/www.umorlagurahumorului.ro\/wp-content\/uploads\/2025\/07\/Mentiunea-3-Marian-Avramescu-Romania-Romania.jpg'><img loading=\"lazy\" decoding=\"async\" width=\"300\" height=\"210\" src=\"https:\/\/www.umorlagurahumorului.ro\/wp-content\/uploads\/2025\/07\/Mentiunea-3-Marian-Avramescu-Romania-Romania-300x210.jpg\" class=\"attachment-medium size-medium\" alt=\"\" aria-describedby=\"gallery-14-10872\" srcset=\"https:\/\/www.umorlagurahumorului.ro\/wp-content\/uploads\/2025\/07\/Mentiunea-3-Marian-Avramescu-Romania-Romania-300x210.jpg 300w, https:\/\/www.umorlagurahumorului.ro\/wp-content\/uploads\/2025\/07\/Mentiunea-3-Marian-Avramescu-Romania-Romania-1024x717.jpg 1024w, https:\/\/www.umorlagurahumorului.ro\/wp-content\/uploads\/2025\/07\/Mentiunea-3-Marian-Avramescu-Romania-Romania-768x538.jpg 768w, https:\/\/www.umorlagurahumorului.ro\/wp-content\/uploads\/2025\/07\/Mentiunea-3-Marian-Avramescu-Romania-Romania-1536x1076.jpg 1536w, https:\/\/www.umorlagurahumorului.ro\/wp-content\/uploads\/2025\/07\/Mentiunea-3-Marian-Avramescu-Romania-Romania-400x280.jpg 400w, https:\/\/www.umorlagurahumorului.ro\/wp-content\/uploads\/2025\/07\/Mentiunea-3-Marian-Avramescu-Romania-Romania.jpg 2048w\" sizes=\"auto, (max-width: 300px) 100vw, 300px\" \/><\/a>\n\t\t\t<\/dt>\n\t\t\t\t<dd class='wp-caption-text gallery-caption' id='gallery-14-10872'>\n\t\t\t\tMen\u021biunea 3 &#8211; Marian Avramescu &#8211; Romania &#8211; Rom\u00e2nia\n\t\t\t\t<\/dd><\/dl><dl class='gallery-item'>\n\t\t\t<dt class='gallery-icon portrait'>\n\t\t\t\t<a href='https:\/\/www.umorlagurahumorului.ro\/wp-content\/uploads\/2025\/07\/Mentiunea-3-Patrick-Heymans-Belgia-Belgium.jpg'><img loading=\"lazy\" decoding=\"async\" width=\"202\" height=\"300\" src=\"https:\/\/www.umorlagurahumorului.ro\/wp-content\/uploads\/2025\/07\/Mentiunea-3-Patrick-Heymans-Belgia-Belgium-202x300.jpg\" class=\"attachment-medium size-medium\" alt=\"\" aria-describedby=\"gallery-14-10873\" srcset=\"https:\/\/www.umorlagurahumorului.ro\/wp-content\/uploads\/2025\/07\/Mentiunea-3-Patrick-Heymans-Belgia-Belgium-202x300.jpg 202w, https:\/\/www.umorlagurahumorului.ro\/wp-content\/uploads\/2025\/07\/Mentiunea-3-Patrick-Heymans-Belgia-Belgium-691x1024.jpg 691w, https:\/\/www.umorlagurahumorului.ro\/wp-content\/uploads\/2025\/07\/Mentiunea-3-Patrick-Heymans-Belgia-Belgium-768x1138.jpg 768w, https:\/\/www.umorlagurahumorului.ro\/wp-content\/uploads\/2025\/07\/Mentiunea-3-Patrick-Heymans-Belgia-Belgium-1037x1536.jpg 1037w, https:\/\/www.umorlagurahumorului.ro\/wp-content\/uploads\/2025\/07\/Mentiunea-3-Patrick-Heymans-Belgia-Belgium-400x593.jpg 400w, https:\/\/www.umorlagurahumorului.ro\/wp-content\/uploads\/2025\/07\/Mentiunea-3-Patrick-Heymans-Belgia-Belgium.jpg 1382w\" sizes=\"auto, (max-width: 202px) 100vw, 202px\" \/><\/a>\n\t\t\t<\/dt>\n\t\t\t\t<dd class='wp-caption-text gallery-caption' id='gallery-14-10873'>\n\t\t\t\tMen\u021biunea 3 &#8211; Patrick Heymans &#8211; Belgia &#8211; Belgium\n\t\t\t\t<\/dd><\/dl>\n\t\t\t<br style='clear: both' \/>\n\t\t<\/div>\n\n<div class=\"su-spacer\" style=\"height:20px\"><\/div>\n<hr>\n<h4>Nomination<\/h4>\n\n\t\t<style type=\"text\/css\">\n\t\t\t#gallery-15 {\n\t\t\t\tmargin: auto;\n\t\t\t}\n\t\t\t#gallery-15 .gallery-item {\n\t\t\t\tfloat: left;\n\t\t\t\tmargin-top: 10px;\n\t\t\t\ttext-align: center;\n\t\t\t\twidth: 33%;\n\t\t\t}\n\t\t\t#gallery-15 img {\n\t\t\t\tborder: 2px solid #cfcfcf;\n\t\t\t}\n\t\t\t#gallery-15 .gallery-caption {\n\t\t\t\tmargin-left: 0;\n\t\t\t}\n\t\t\t\/* see gallery_shortcode() in wp-includes\/media.php *\/\n\t\t<\/style>\n\t\t<div id='gallery-15' class='gallery galleryid-10893 gallery-columns-3 gallery-size-medium'><dl class='gallery-item'>\n\t\t\t<dt class='gallery-icon portrait'>\n\t\t\t\t<a href='https:\/\/www.umorlagurahumorului.ro\/wp-content\/uploads\/2025\/07\/Amir-Ababaf-Iran.jpg'><img loading=\"lazy\" decoding=\"async\" width=\"210\" height=\"300\" src=\"https:\/\/www.umorlagurahumorului.ro\/wp-content\/uploads\/2025\/07\/Amir-Ababaf-Iran-210x300.jpg\" class=\"attachment-medium size-medium\" alt=\"\" aria-describedby=\"gallery-15-10874\" srcset=\"https:\/\/www.umorlagurahumorului.ro\/wp-content\/uploads\/2025\/07\/Amir-Ababaf-Iran-210x300.jpg 210w, https:\/\/www.umorlagurahumorului.ro\/wp-content\/uploads\/2025\/07\/Amir-Ababaf-Iran-717x1024.jpg 717w, https:\/\/www.umorlagurahumorului.ro\/wp-content\/uploads\/2025\/07\/Amir-Ababaf-Iran-768x1097.jpg 768w, https:\/\/www.umorlagurahumorului.ro\/wp-content\/uploads\/2025\/07\/Amir-Ababaf-Iran-1076x1536.jpg 1076w, https:\/\/www.umorlagurahumorului.ro\/wp-content\/uploads\/2025\/07\/Amir-Ababaf-Iran-400x571.jpg 400w, https:\/\/www.umorlagurahumorului.ro\/wp-content\/uploads\/2025\/07\/Amir-Ababaf-Iran.jpg 1434w\" sizes=\"auto, (max-width: 210px) 100vw, 210px\" \/><\/a>\n\t\t\t<\/dt>\n\t\t\t\t<dd class='wp-caption-text gallery-caption' id='gallery-15-10874'>\n\t\t\t\tAmir Ababaf &#8211; Iran\n\t\t\t\t<\/dd><\/dl><dl class='gallery-item'>\n\t\t\t<dt class='gallery-icon landscape'>\n\t\t\t\t<a href='https:\/\/www.umorlagurahumorului.ro\/wp-content\/uploads\/2025\/07\/Atmaja-Septa-Miyosa-Indonezia-Indonesia.jpg'><img loading=\"lazy\" decoding=\"async\" width=\"300\" height=\"212\" src=\"https:\/\/www.umorlagurahumorului.ro\/wp-content\/uploads\/2025\/07\/Atmaja-Septa-Miyosa-Indonezia-Indonesia-300x212.jpg\" class=\"attachment-medium size-medium\" alt=\"\" aria-describedby=\"gallery-15-10875\" srcset=\"https:\/\/www.umorlagurahumorului.ro\/wp-content\/uploads\/2025\/07\/Atmaja-Septa-Miyosa-Indonezia-Indonesia-300x212.jpg 300w, https:\/\/www.umorlagurahumorului.ro\/wp-content\/uploads\/2025\/07\/Atmaja-Septa-Miyosa-Indonezia-Indonesia-1024x724.jpg 1024w, https:\/\/www.umorlagurahumorului.ro\/wp-content\/uploads\/2025\/07\/Atmaja-Septa-Miyosa-Indonezia-Indonesia-768x543.jpg 768w, https:\/\/www.umorlagurahumorului.ro\/wp-content\/uploads\/2025\/07\/Atmaja-Septa-Miyosa-Indonezia-Indonesia-1536x1086.jpg 1536w, https:\/\/www.umorlagurahumorului.ro\/wp-content\/uploads\/2025\/07\/Atmaja-Septa-Miyosa-Indonezia-Indonesia-400x283.jpg 400w, https:\/\/www.umorlagurahumorului.ro\/wp-content\/uploads\/2025\/07\/Atmaja-Septa-Miyosa-Indonezia-Indonesia.jpg 1754w\" sizes=\"auto, (max-width: 300px) 100vw, 300px\" \/><\/a>\n\t\t\t<\/dt>\n\t\t\t\t<dd class='wp-caption-text gallery-caption' id='gallery-15-10875'>\n\t\t\t\tAtmaja Septa Miyosa &#8211; Indonezia &#8211; Indonesia\n\t\t\t\t<\/dd><\/dl><dl class='gallery-item'>\n\t\t\t<dt class='gallery-icon portrait'>\n\t\t\t\t<a href='https:\/\/www.umorlagurahumorului.ro\/wp-content\/uploads\/2025\/07\/Cornel-Marin-Chiorean-Romania-Romania.jpg'><img loading=\"lazy\" decoding=\"async\" width=\"211\" height=\"300\" src=\"https:\/\/www.umorlagurahumorului.ro\/wp-content\/uploads\/2025\/07\/Cornel-Marin-Chiorean-Romania-Romania-211x300.jpg\" class=\"attachment-medium size-medium\" alt=\"\" aria-describedby=\"gallery-15-10876\" srcset=\"https:\/\/www.umorlagurahumorului.ro\/wp-content\/uploads\/2025\/07\/Cornel-Marin-Chiorean-Romania-Romania-211x300.jpg 211w, https:\/\/www.umorlagurahumorului.ro\/wp-content\/uploads\/2025\/07\/Cornel-Marin-Chiorean-Romania-Romania-721x1024.jpg 721w, https:\/\/www.umorlagurahumorului.ro\/wp-content\/uploads\/2025\/07\/Cornel-Marin-Chiorean-Romania-Romania-768x1092.jpg 768w, https:\/\/www.umorlagurahumorului.ro\/wp-content\/uploads\/2025\/07\/Cornel-Marin-Chiorean-Romania-Romania-1081x1536.jpg 1081w, https:\/\/www.umorlagurahumorului.ro\/wp-content\/uploads\/2025\/07\/Cornel-Marin-Chiorean-Romania-Romania-400x568.jpg 400w, https:\/\/www.umorlagurahumorului.ro\/wp-content\/uploads\/2025\/07\/Cornel-Marin-Chiorean-Romania-Romania.jpg 1441w\" sizes=\"auto, (max-width: 211px) 100vw, 211px\" \/><\/a>\n\t\t\t<\/dt>\n\t\t\t\t<dd class='wp-caption-text gallery-caption' id='gallery-15-10876'>\n\t\t\t\tCornel Marin Chiorean &#8211; Rom\u00e2nia &#8211; Romania\n\t\t\t\t<\/dd><\/dl><br style=\"clear: both\" \/><dl class='gallery-item'>\n\t\t\t<dt class='gallery-icon portrait'>\n\t\t\t\t<a href='https:\/\/www.umorlagurahumorului.ro\/wp-content\/uploads\/2025\/07\/Darko-Drljevic-Croatia-Montenegru-Montenegro.jpg'><img loading=\"lazy\" decoding=\"async\" width=\"212\" height=\"300\" src=\"https:\/\/www.umorlagurahumorului.ro\/wp-content\/uploads\/2025\/07\/Darko-Drljevic-Croatia-Montenegru-Montenegro-212x300.jpg\" class=\"attachment-medium size-medium\" alt=\"\" aria-describedby=\"gallery-15-10877\" srcset=\"https:\/\/www.umorlagurahumorului.ro\/wp-content\/uploads\/2025\/07\/Darko-Drljevic-Croatia-Montenegru-Montenegro-212x300.jpg 212w, https:\/\/www.umorlagurahumorului.ro\/wp-content\/uploads\/2025\/07\/Darko-Drljevic-Croatia-Montenegru-Montenegro-724x1024.jpg 724w, https:\/\/www.umorlagurahumorului.ro\/wp-content\/uploads\/2025\/07\/Darko-Drljevic-Croatia-Montenegru-Montenegro-768x1086.jpg 768w, https:\/\/www.umorlagurahumorului.ro\/wp-content\/uploads\/2025\/07\/Darko-Drljevic-Croatia-Montenegru-Montenegro-1086x1536.jpg 1086w, https:\/\/www.umorlagurahumorului.ro\/wp-content\/uploads\/2025\/07\/Darko-Drljevic-Croatia-Montenegru-Montenegro-400x566.jpg 400w, https:\/\/www.umorlagurahumorului.ro\/wp-content\/uploads\/2025\/07\/Darko-Drljevic-Croatia-Montenegru-Montenegro.jpg 1448w\" sizes=\"auto, (max-width: 212px) 100vw, 212px\" \/><\/a>\n\t\t\t<\/dt>\n\t\t\t\t<dd class='wp-caption-text gallery-caption' id='gallery-15-10877'>\n\t\t\t\tDarko Drljevi\u0107 &#8211; Croa\u021bia &#8211; Montenegru &#8211; Montenegro\n\t\t\t\t<\/dd><\/dl><dl class='gallery-item'>\n\t\t\t<dt class='gallery-icon landscape'>\n\t\t\t\t<a href='https:\/\/www.umorlagurahumorului.ro\/wp-content\/uploads\/2025\/07\/Heibat-Ahmadi-Iran.jpg'><img loading=\"lazy\" decoding=\"async\" width=\"300\" height=\"212\" src=\"https:\/\/www.umorlagurahumorului.ro\/wp-content\/uploads\/2025\/07\/Heibat-Ahmadi-Iran-300x212.jpg\" class=\"attachment-medium size-medium\" alt=\"\" aria-describedby=\"gallery-15-10878\" srcset=\"https:\/\/www.umorlagurahumorului.ro\/wp-content\/uploads\/2025\/07\/Heibat-Ahmadi-Iran-300x212.jpg 300w, https:\/\/www.umorlagurahumorului.ro\/wp-content\/uploads\/2025\/07\/Heibat-Ahmadi-Iran-1024x724.jpg 1024w, https:\/\/www.umorlagurahumorului.ro\/wp-content\/uploads\/2025\/07\/Heibat-Ahmadi-Iran-768x543.jpg 768w, https:\/\/www.umorlagurahumorului.ro\/wp-content\/uploads\/2025\/07\/Heibat-Ahmadi-Iran-1536x1086.jpg 1536w, https:\/\/www.umorlagurahumorului.ro\/wp-content\/uploads\/2025\/07\/Heibat-Ahmadi-Iran-400x283.jpg 400w, https:\/\/www.umorlagurahumorului.ro\/wp-content\/uploads\/2025\/07\/Heibat-Ahmadi-Iran.jpg 1671w\" sizes=\"auto, (max-width: 300px) 100vw, 300px\" \/><\/a>\n\t\t\t<\/dt>\n\t\t\t\t<dd class='wp-caption-text gallery-caption' id='gallery-15-10878'>\n\t\t\t\tHeibat Ahmadi &#8211; Iran\n\t\t\t\t<\/dd><\/dl><dl class='gallery-item'>\n\t\t\t<dt class='gallery-icon portrait'>\n\t\t\t\t<a href='https:\/\/www.umorlagurahumorului.ro\/wp-content\/uploads\/2025\/07\/Leslie-Ricciardi-Uruguay.jpg'><img loading=\"lazy\" decoding=\"async\" width=\"240\" height=\"300\" src=\"https:\/\/www.umorlagurahumorului.ro\/wp-content\/uploads\/2025\/07\/Leslie-Ricciardi-Uruguay-240x300.jpg\" class=\"attachment-medium size-medium\" alt=\"\" aria-describedby=\"gallery-15-10879\" srcset=\"https:\/\/www.umorlagurahumorului.ro\/wp-content\/uploads\/2025\/07\/Leslie-Ricciardi-Uruguay-240x300.jpg 240w, https:\/\/www.umorlagurahumorului.ro\/wp-content\/uploads\/2025\/07\/Leslie-Ricciardi-Uruguay-819x1024.jpg 819w, https:\/\/www.umorlagurahumorului.ro\/wp-content\/uploads\/2025\/07\/Leslie-Ricciardi-Uruguay-768x960.jpg 768w, https:\/\/www.umorlagurahumorului.ro\/wp-content\/uploads\/2025\/07\/Leslie-Ricciardi-Uruguay-1229x1536.jpg 1229w, https:\/\/www.umorlagurahumorului.ro\/wp-content\/uploads\/2025\/07\/Leslie-Ricciardi-Uruguay-400x500.jpg 400w, https:\/\/www.umorlagurahumorului.ro\/wp-content\/uploads\/2025\/07\/Leslie-Ricciardi-Uruguay.jpg 1638w\" sizes=\"auto, (max-width: 240px) 100vw, 240px\" \/><\/a>\n\t\t\t<\/dt>\n\t\t\t\t<dd class='wp-caption-text gallery-caption' id='gallery-15-10879'>\n\t\t\t\tLeslie Ricciardi &#8211; Uruguay\n\t\t\t\t<\/dd><\/dl><br style=\"clear: both\" \/><dl class='gallery-item'>\n\t\t\t<dt class='gallery-icon portrait'>\n\t\t\t\t<a href='https:\/\/www.umorlagurahumorului.ro\/wp-content\/uploads\/2025\/07\/Muammer-Kotbas-Turcia-Turkey.jpg'><img loading=\"lazy\" decoding=\"async\" width=\"218\" height=\"300\" src=\"https:\/\/www.umorlagurahumorului.ro\/wp-content\/uploads\/2025\/07\/Muammer-Kotbas-Turcia-Turkey-218x300.jpg\" class=\"attachment-medium size-medium\" alt=\"\" aria-describedby=\"gallery-15-10880\" srcset=\"https:\/\/www.umorlagurahumorului.ro\/wp-content\/uploads\/2025\/07\/Muammer-Kotbas-Turcia-Turkey-218x300.jpg 218w, https:\/\/www.umorlagurahumorului.ro\/wp-content\/uploads\/2025\/07\/Muammer-Kotbas-Turcia-Turkey-746x1024.jpg 746w, https:\/\/www.umorlagurahumorului.ro\/wp-content\/uploads\/2025\/07\/Muammer-Kotbas-Turcia-Turkey-768x1055.jpg 768w, https:\/\/www.umorlagurahumorului.ro\/wp-content\/uploads\/2025\/07\/Muammer-Kotbas-Turcia-Turkey-1118x1536.jpg 1118w, https:\/\/www.umorlagurahumorului.ro\/wp-content\/uploads\/2025\/07\/Muammer-Kotbas-Turcia-Turkey-400x549.jpg 400w, https:\/\/www.umorlagurahumorului.ro\/wp-content\/uploads\/2025\/07\/Muammer-Kotbas-Turcia-Turkey.jpg 1165w\" sizes=\"auto, (max-width: 218px) 100vw, 218px\" \/><\/a>\n\t\t\t<\/dt>\n\t\t\t\t<dd class='wp-caption-text gallery-caption' id='gallery-15-10880'>\n\t\t\t\tMuammer Kotba\u0219 &#8211; Turcia &#8211; Turkey\n\t\t\t\t<\/dd><\/dl><dl class='gallery-item'>\n\t\t\t<dt class='gallery-icon landscape'>\n\t\t\t\t<a href='https:\/\/www.umorlagurahumorului.ro\/wp-content\/uploads\/2025\/07\/NedaTanhaeimoghadam-Iran.jpg'><img loading=\"lazy\" decoding=\"async\" width=\"300\" height=\"212\" src=\"https:\/\/www.umorlagurahumorului.ro\/wp-content\/uploads\/2025\/07\/NedaTanhaeimoghadam-Iran-300x212.jpg\" class=\"attachment-medium size-medium\" alt=\"\" aria-describedby=\"gallery-15-10881\" srcset=\"https:\/\/www.umorlagurahumorului.ro\/wp-content\/uploads\/2025\/07\/NedaTanhaeimoghadam-Iran-300x212.jpg 300w, https:\/\/www.umorlagurahumorului.ro\/wp-content\/uploads\/2025\/07\/NedaTanhaeimoghadam-Iran-1024x724.jpg 1024w, https:\/\/www.umorlagurahumorului.ro\/wp-content\/uploads\/2025\/07\/NedaTanhaeimoghadam-Iran-768x543.jpg 768w, https:\/\/www.umorlagurahumorului.ro\/wp-content\/uploads\/2025\/07\/NedaTanhaeimoghadam-Iran-1536x1086.jpg 1536w, https:\/\/www.umorlagurahumorului.ro\/wp-content\/uploads\/2025\/07\/NedaTanhaeimoghadam-Iran-400x283.jpg 400w, https:\/\/www.umorlagurahumorului.ro\/wp-content\/uploads\/2025\/07\/NedaTanhaeimoghadam-Iran.jpg 2000w\" sizes=\"auto, (max-width: 300px) 100vw, 300px\" \/><\/a>\n\t\t\t<\/dt>\n\t\t\t\t<dd class='wp-caption-text gallery-caption' id='gallery-15-10881'>\n\t\t\t\tNeda Tanhaeimoghadam &#8211; Iran\n\t\t\t\t<\/dd><\/dl><dl class='gallery-item'>\n\t\t\t<dt class='gallery-icon portrait'>\n\t\t\t\t<a href='https:\/\/www.umorlagurahumorului.ro\/wp-content\/uploads\/2025\/07\/Seyran-Caferli-Azerbaijan.jpg'><img loading=\"lazy\" decoding=\"async\" width=\"212\" height=\"300\" src=\"https:\/\/www.umorlagurahumorului.ro\/wp-content\/uploads\/2025\/07\/Seyran-Caferli-Azerbaijan-212x300.jpg\" class=\"attachment-medium size-medium\" alt=\"\" aria-describedby=\"gallery-15-10882\" srcset=\"https:\/\/www.umorlagurahumorului.ro\/wp-content\/uploads\/2025\/07\/Seyran-Caferli-Azerbaijan-212x300.jpg 212w, https:\/\/www.umorlagurahumorului.ro\/wp-content\/uploads\/2025\/07\/Seyran-Caferli-Azerbaijan-725x1024.jpg 725w, https:\/\/www.umorlagurahumorului.ro\/wp-content\/uploads\/2025\/07\/Seyran-Caferli-Azerbaijan-768x1085.jpg 768w, https:\/\/www.umorlagurahumorului.ro\/wp-content\/uploads\/2025\/07\/Seyran-Caferli-Azerbaijan-1087x1536.jpg 1087w, https:\/\/www.umorlagurahumorului.ro\/wp-content\/uploads\/2025\/07\/Seyran-Caferli-Azerbaijan-400x565.jpg 400w, https:\/\/www.umorlagurahumorului.ro\/wp-content\/uploads\/2025\/07\/Seyran-Caferli-Azerbaijan.jpg 1449w\" sizes=\"auto, (max-width: 212px) 100vw, 212px\" \/><\/a>\n\t\t\t<\/dt>\n\t\t\t\t<dd class='wp-caption-text gallery-caption' id='gallery-15-10882'>\n\t\t\t\tSeyran Caferli &#8211; Azerbaijanpeg\n\t\t\t\t<\/dd><\/dl><br style=\"clear: both\" \/><dl class='gallery-item'>\n\t\t\t<dt class='gallery-icon landscape'>\n\t\t\t\t<a href='https:\/\/www.umorlagurahumorului.ro\/wp-content\/uploads\/2025\/07\/Valeriu-Kurtu-Germania-Germany.jpg'><img loading=\"lazy\" decoding=\"async\" width=\"300\" height=\"202\" src=\"https:\/\/www.umorlagurahumorului.ro\/wp-content\/uploads\/2025\/07\/Valeriu-Kurtu-Germania-Germany-300x202.jpg\" class=\"attachment-medium size-medium\" alt=\"\" aria-describedby=\"gallery-15-10883\" srcset=\"https:\/\/www.umorlagurahumorului.ro\/wp-content\/uploads\/2025\/07\/Valeriu-Kurtu-Germania-Germany-300x202.jpg 300w, https:\/\/www.umorlagurahumorului.ro\/wp-content\/uploads\/2025\/07\/Valeriu-Kurtu-Germania-Germany-1024x689.jpg 1024w, https:\/\/www.umorlagurahumorului.ro\/wp-content\/uploads\/2025\/07\/Valeriu-Kurtu-Germania-Germany-768x517.jpg 768w, https:\/\/www.umorlagurahumorului.ro\/wp-content\/uploads\/2025\/07\/Valeriu-Kurtu-Germania-Germany-1536x1034.jpg 1536w, https:\/\/www.umorlagurahumorului.ro\/wp-content\/uploads\/2025\/07\/Valeriu-Kurtu-Germania-Germany-400x269.jpg 400w, https:\/\/www.umorlagurahumorului.ro\/wp-content\/uploads\/2025\/07\/Valeriu-Kurtu-Germania-Germany.jpg 2048w\" sizes=\"auto, (max-width: 300px) 100vw, 300px\" \/><\/a>\n\t\t\t<\/dt>\n\t\t\t\t<dd class='wp-caption-text gallery-caption' id='gallery-15-10883'>\n\t\t\t\tValeriu Kurtu &#8211; Germania &#8211; Germany\n\t\t\t\t<\/dd><\/dl>\n\t\t\t<br style='clear: both' \/>\n\t\t<\/div>\n\n<div class=\"su-spacer\" style=\"height:20px\"><\/div>\n<hr>\n<h4>Children\u2019s Prizes<\/h4>\n\n\t\t<style type=\"text\/css\">\n\t\t\t#gallery-16 {\n\t\t\t\tmargin: auto;\n\t\t\t}\n\t\t\t#gallery-16 .gallery-item {\n\t\t\t\tfloat: left;\n\t\t\t\tmargin-top: 10px;\n\t\t\t\ttext-align: center;\n\t\t\t\twidth: 33%;\n\t\t\t}\n\t\t\t#gallery-16 img {\n\t\t\t\tborder: 2px solid #cfcfcf;\n\t\t\t}\n\t\t\t#gallery-16 .gallery-caption {\n\t\t\t\tmargin-left: 0;\n\t\t\t}\n\t\t\t\/* see gallery_shortcode() in wp-includes\/media.php *\/\n\t\t<\/style>\n\t\t<div id='gallery-16' class='gallery galleryid-10893 gallery-columns-3 gallery-size-medium'><dl class='gallery-item'>\n\t\t\t<dt class='gallery-icon portrait'>\n\t\t\t\t<a href='https:\/\/www.umorlagurahumorului.ro\/wp-content\/uploads\/2025\/07\/Premiul-1-Stepan-Zlokazov-Rusia-Russia.jpg'><img loading=\"lazy\" decoding=\"async\" width=\"212\" height=\"300\" src=\"https:\/\/www.umorlagurahumorului.ro\/wp-content\/uploads\/2025\/07\/Premiul-1-Stepan-Zlokazov-Rusia-Russia-212x300.jpg\" class=\"attachment-medium size-medium\" alt=\"\" aria-describedby=\"gallery-16-10888\" srcset=\"https:\/\/www.umorlagurahumorului.ro\/wp-content\/uploads\/2025\/07\/Premiul-1-Stepan-Zlokazov-Rusia-Russia-212x300.jpg 212w, https:\/\/www.umorlagurahumorului.ro\/wp-content\/uploads\/2025\/07\/Premiul-1-Stepan-Zlokazov-Rusia-Russia-724x1024.jpg 724w, https:\/\/www.umorlagurahumorului.ro\/wp-content\/uploads\/2025\/07\/Premiul-1-Stepan-Zlokazov-Rusia-Russia-768x1086.jpg 768w, https:\/\/www.umorlagurahumorului.ro\/wp-content\/uploads\/2025\/07\/Premiul-1-Stepan-Zlokazov-Rusia-Russia-400x566.jpg 400w, https:\/\/www.umorlagurahumorului.ro\/wp-content\/uploads\/2025\/07\/Premiul-1-Stepan-Zlokazov-Rusia-Russia.jpg 891w\" sizes=\"auto, (max-width: 212px) 100vw, 212px\" \/><\/a>\n\t\t\t<\/dt>\n\t\t\t\t<dd class='wp-caption-text gallery-caption' id='gallery-16-10888'>\n\t\t\t\tPremiul 1 &#8211; Stepan Zlokazov &#8211; Rusia &#8211; Russia\n\t\t\t\t<\/dd><\/dl><dl class='gallery-item'>\n\t\t\t<dt class='gallery-icon portrait'>\n\t\t\t\t<a href='https:\/\/www.umorlagurahumorului.ro\/wp-content\/uploads\/2025\/07\/Premiul-2-Zahra-Assarian-Iran.jpg'><img loading=\"lazy\" decoding=\"async\" width=\"200\" height=\"300\" src=\"https:\/\/www.umorlagurahumorului.ro\/wp-content\/uploads\/2025\/07\/Premiul-2-Zahra-Assarian-Iran-200x300.jpg\" class=\"attachment-medium size-medium\" alt=\"\" aria-describedby=\"gallery-16-10889\" srcset=\"https:\/\/www.umorlagurahumorului.ro\/wp-content\/uploads\/2025\/07\/Premiul-2-Zahra-Assarian-Iran-200x300.jpg 200w, https:\/\/www.umorlagurahumorului.ro\/wp-content\/uploads\/2025\/07\/Premiul-2-Zahra-Assarian-Iran-683x1024.jpg 683w, https:\/\/www.umorlagurahumorului.ro\/wp-content\/uploads\/2025\/07\/Premiul-2-Zahra-Assarian-Iran-768x1152.jpg 768w, https:\/\/www.umorlagurahumorului.ro\/wp-content\/uploads\/2025\/07\/Premiul-2-Zahra-Assarian-Iran-400x600.jpg 400w, https:\/\/www.umorlagurahumorului.ro\/wp-content\/uploads\/2025\/07\/Premiul-2-Zahra-Assarian-Iran.jpg 1024w\" sizes=\"auto, (max-width: 200px) 100vw, 200px\" \/><\/a>\n\t\t\t<\/dt>\n\t\t\t\t<dd class='wp-caption-text gallery-caption' id='gallery-16-10889'>\n\t\t\t\tPremiul 2 &#8211; Zahra Assarian &#8211; Iran\n\t\t\t\t<\/dd><\/dl><dl class='gallery-item'>\n\t\t\t<dt class='gallery-icon portrait'>\n\t\t\t\t<a href='https:\/\/www.umorlagurahumorului.ro\/wp-content\/uploads\/2025\/07\/Premiul-3-Hoda-Wesam-Khalil-Egipt-Egypt.jpg'><img loading=\"lazy\" decoding=\"async\" width=\"212\" height=\"300\" src=\"https:\/\/www.umorlagurahumorului.ro\/wp-content\/uploads\/2025\/07\/Premiul-3-Hoda-Wesam-Khalil-Egipt-Egypt-212x300.jpg\" class=\"attachment-medium size-medium\" alt=\"\" aria-describedby=\"gallery-16-10890\" srcset=\"https:\/\/www.umorlagurahumorului.ro\/wp-content\/uploads\/2025\/07\/Premiul-3-Hoda-Wesam-Khalil-Egipt-Egypt-212x300.jpg 212w, https:\/\/www.umorlagurahumorului.ro\/wp-content\/uploads\/2025\/07\/Premiul-3-Hoda-Wesam-Khalil-Egipt-Egypt-724x1024.jpg 724w, https:\/\/www.umorlagurahumorului.ro\/wp-content\/uploads\/2025\/07\/Premiul-3-Hoda-Wesam-Khalil-Egipt-Egypt-768x1086.jpg 768w, https:\/\/www.umorlagurahumorului.ro\/wp-content\/uploads\/2025\/07\/Premiul-3-Hoda-Wesam-Khalil-Egipt-Egypt-1086x1536.jpg 1086w, https:\/\/www.umorlagurahumorului.ro\/wp-content\/uploads\/2025\/07\/Premiul-3-Hoda-Wesam-Khalil-Egipt-Egypt-400x566.jpg 400w, https:\/\/www.umorlagurahumorului.ro\/wp-content\/uploads\/2025\/07\/Premiul-3-Hoda-Wesam-Khalil-Egipt-Egypt.jpg 1448w\" sizes=\"auto, (max-width: 212px) 100vw, 212px\" \/><\/a>\n\t\t\t<\/dt>\n\t\t\t\t<dd class='wp-caption-text gallery-caption' id='gallery-16-10890'>\n\t\t\t\tPremiul 3 -Hoda Wesam Khalil &#8211; Egipt &#8211; Egypt\n\t\t\t\t<\/dd><\/dl><br style=\"clear: both\" \/><dl class='gallery-item'>\n\t\t\t<dt class='gallery-icon landscape'>\n\t\t\t\t<a href='https:\/\/www.umorlagurahumorului.ro\/wp-content\/uploads\/2025\/07\/Mentiunea-1-Maya-Khalil-Belgia-Belgium.jpg'><img loading=\"lazy\" decoding=\"async\" width=\"300\" height=\"217\" src=\"https:\/\/www.umorlagurahumorului.ro\/wp-content\/uploads\/2025\/07\/Mentiunea-1-Maya-Khalil-Belgia-Belgium-300x217.jpg\" class=\"attachment-medium size-medium\" alt=\"\" aria-describedby=\"gallery-16-10885\" srcset=\"https:\/\/www.umorlagurahumorului.ro\/wp-content\/uploads\/2025\/07\/Mentiunea-1-Maya-Khalil-Belgia-Belgium-300x217.jpg 300w, https:\/\/www.umorlagurahumorului.ro\/wp-content\/uploads\/2025\/07\/Mentiunea-1-Maya-Khalil-Belgia-Belgium-1024x742.jpg 1024w, https:\/\/www.umorlagurahumorului.ro\/wp-content\/uploads\/2025\/07\/Mentiunea-1-Maya-Khalil-Belgia-Belgium-768x556.jpg 768w, https:\/\/www.umorlagurahumorului.ro\/wp-content\/uploads\/2025\/07\/Mentiunea-1-Maya-Khalil-Belgia-Belgium-1536x1112.jpg 1536w, https:\/\/www.umorlagurahumorului.ro\/wp-content\/uploads\/2025\/07\/Mentiunea-1-Maya-Khalil-Belgia-Belgium-400x290.jpg 400w, https:\/\/www.umorlagurahumorului.ro\/wp-content\/uploads\/2025\/07\/Mentiunea-1-Maya-Khalil-Belgia-Belgium.jpg 2048w\" sizes=\"auto, (max-width: 300px) 100vw, 300px\" \/><\/a>\n\t\t\t<\/dt>\n\t\t\t\t<dd class='wp-caption-text gallery-caption' id='gallery-16-10885'>\n\t\t\t\tMen\u021biunea 1 &#8211; Maya Khalil &#8211; Belgia &#8211; Belgium\n\t\t\t\t<\/dd><\/dl><dl class='gallery-item'>\n\t\t\t<dt class='gallery-icon portrait'>\n\t\t\t\t<a href='https:\/\/www.umorlagurahumorului.ro\/wp-content\/uploads\/2025\/07\/Mentiunea-1-Nayla-Enjelita-Indonezia-Indonesia.jpg'><img loading=\"lazy\" decoding=\"async\" width=\"200\" height=\"300\" src=\"https:\/\/www.umorlagurahumorului.ro\/wp-content\/uploads\/2025\/07\/Mentiunea-1-Nayla-Enjelita-Indonezia-Indonesia-200x300.jpg\" class=\"attachment-medium size-medium\" alt=\"\" aria-describedby=\"gallery-16-10886\" srcset=\"https:\/\/www.umorlagurahumorului.ro\/wp-content\/uploads\/2025\/07\/Mentiunea-1-Nayla-Enjelita-Indonezia-Indonesia-200x300.jpg 200w, https:\/\/www.umorlagurahumorului.ro\/wp-content\/uploads\/2025\/07\/Mentiunea-1-Nayla-Enjelita-Indonezia-Indonesia-683x1024.jpg 683w, https:\/\/www.umorlagurahumorului.ro\/wp-content\/uploads\/2025\/07\/Mentiunea-1-Nayla-Enjelita-Indonezia-Indonesia-768x1152.jpg 768w, https:\/\/www.umorlagurahumorului.ro\/wp-content\/uploads\/2025\/07\/Mentiunea-1-Nayla-Enjelita-Indonezia-Indonesia-400x600.jpg 400w, https:\/\/www.umorlagurahumorului.ro\/wp-content\/uploads\/2025\/07\/Mentiunea-1-Nayla-Enjelita-Indonezia-Indonesia.jpg 1024w\" sizes=\"auto, (max-width: 200px) 100vw, 200px\" \/><\/a>\n\t\t\t<\/dt>\n\t\t\t\t<dd class='wp-caption-text gallery-caption' id='gallery-16-10886'>\n\t\t\t\tMen\u021biunea 1 &#8211; Nayla Enjelita &#8211; Indonezia &#8211; Indonesia\n\t\t\t\t<\/dd><\/dl><dl class='gallery-item'>\n\t\t\t<dt class='gallery-icon landscape'>\n\t\t\t\t<a href='https:\/\/www.umorlagurahumorului.ro\/wp-content\/uploads\/2025\/07\/Mentiunea-2-Igor-Ivoilov-Rusia-Russia.jpg'><img loading=\"lazy\" decoding=\"async\" width=\"300\" height=\"225\" src=\"https:\/\/www.umorlagurahumorului.ro\/wp-content\/uploads\/2025\/07\/Mentiunea-2-Igor-Ivoilov-Rusia-Russia-300x225.jpg\" class=\"attachment-medium size-medium\" alt=\"\" aria-describedby=\"gallery-16-10891\" srcset=\"https:\/\/www.umorlagurahumorului.ro\/wp-content\/uploads\/2025\/07\/Mentiunea-2-Igor-Ivoilov-Rusia-Russia-300x225.jpg 300w, https:\/\/www.umorlagurahumorului.ro\/wp-content\/uploads\/2025\/07\/Mentiunea-2-Igor-Ivoilov-Rusia-Russia-1024x768.jpg 1024w, https:\/\/www.umorlagurahumorului.ro\/wp-content\/uploads\/2025\/07\/Mentiunea-2-Igor-Ivoilov-Rusia-Russia-768x576.jpg 768w, https:\/\/www.umorlagurahumorului.ro\/wp-content\/uploads\/2025\/07\/Mentiunea-2-Igor-Ivoilov-Rusia-Russia-1536x1152.jpg 1536w, https:\/\/www.umorlagurahumorului.ro\/wp-content\/uploads\/2025\/07\/Mentiunea-2-Igor-Ivoilov-Rusia-Russia-400x300.jpg 400w, https:\/\/www.umorlagurahumorului.ro\/wp-content\/uploads\/2025\/07\/Mentiunea-2-Igor-Ivoilov-Rusia-Russia.jpg 2048w\" sizes=\"auto, (max-width: 300px) 100vw, 300px\" \/><\/a>\n\t\t\t<\/dt>\n\t\t\t\t<dd class='wp-caption-text gallery-caption' id='gallery-16-10891'>\n\t\t\t\tMen\u021biunea 2 &#8211; Igor Ivoilov &#8211; Rusia &#8211; Russia\n\t\t\t\t<\/dd><\/dl><br style=\"clear: both\" \/><dl class='gallery-item'>\n\t\t\t<dt class='gallery-icon landscape'>\n\t\t\t\t<a href='https:\/\/www.umorlagurahumorului.ro\/wp-content\/uploads\/2025\/07\/Mentiunea-3-Eva-Sipulina-Rusia-Russia.jpg'><img loading=\"lazy\" decoding=\"async\" width=\"300\" height=\"205\" src=\"https:\/\/www.umorlagurahumorului.ro\/wp-content\/uploads\/2025\/07\/Mentiunea-3-Eva-Sipulina-Rusia-Russia-300x205.jpg\" class=\"attachment-medium size-medium\" alt=\"\" aria-describedby=\"gallery-16-10887\" srcset=\"https:\/\/www.umorlagurahumorului.ro\/wp-content\/uploads\/2025\/07\/Mentiunea-3-Eva-Sipulina-Rusia-Russia-300x205.jpg 300w, https:\/\/www.umorlagurahumorului.ro\/wp-content\/uploads\/2025\/07\/Mentiunea-3-Eva-Sipulina-Rusia-Russia-1024x701.jpg 1024w, https:\/\/www.umorlagurahumorului.ro\/wp-content\/uploads\/2025\/07\/Mentiunea-3-Eva-Sipulina-Rusia-Russia-768x526.jpg 768w, https:\/\/www.umorlagurahumorului.ro\/wp-content\/uploads\/2025\/07\/Mentiunea-3-Eva-Sipulina-Rusia-Russia-1536x1052.jpg 1536w, https:\/\/www.umorlagurahumorului.ro\/wp-content\/uploads\/2025\/07\/Mentiunea-3-Eva-Sipulina-Rusia-Russia-400x274.jpg 400w, https:\/\/www.umorlagurahumorului.ro\/wp-content\/uploads\/2025\/07\/Mentiunea-3-Eva-Sipulina-Rusia-Russia.jpg 2048w\" sizes=\"auto, (max-width: 300px) 100vw, 300px\" \/><\/a>\n\t\t\t<\/dt>\n\t\t\t\t<dd class='wp-caption-text gallery-caption' id='gallery-16-10887'>\n\t\t\t\tMen\u021biunea 3 &#8211; Eva Sipulina &#8211; Rusia &#8211; Russia\n\t\t\t\t<\/dd><\/dl>\n\t\t\t<br style='clear: both' \/>\n\t\t<\/div>\n\n<div class=\"su-spacer\" style=\"height:20px\"><\/div>\n<hr>","protected":false},"excerpt":{"rendered":"<p>1st Prize &#8211; Raed Khalil &#8211; Belgia &#8211; Belgium 2nd Prize &#8211; Gelu Pascal &#8211; Rom\u00e2nia &#8211; Romania 3rd Prize &#8211; Liviu St\u0103nil\u0103 &#8211; Rom\u00e2nia &#8211; Romania George Gavrilean Prize &#8211; Hamid Soufi &#8211; Iran Viorel Corodescu COV Prize &#8211; Lucian Sergiu F\u0103rc\u0103\u0219anu &#8211; Rom\u00e2nia &#8211; Romania Menttions Nomination Children\u2019s Prizes<\/p>\n","protected":false},"author":1,"featured_media":0,"comment_status":"open","ping_status":"open","sticky":false,"template":"","format":"standard","meta":{"ngg_post_thumbnail":0,"footnotes":""},"categories":[755],"tags":[],"class_list":["post-10893","post","type-post","status-publish","format-standard","hentry","category-umor"],"yoast_head":"<!-- This site is optimized with the Yoast SEO plugin v25.9 - https:\/\/yoast.com\/wordpress\/plugins\/seo\/ -->\n<title>Cartoon winners 2025 - Humour at .... Gura Humorului<\/title>\n<meta name=\"robots\" content=\"index, follow, max-snippet:-1, max-image-preview:large, max-video-preview:-1\" \/>\n<link rel=\"canonical\" href=\"https:\/\/www.umorlagurahumorului.ro\/umor-la-gura-humorului-2025-premianti-grafica-satirica\/\" \/>\n<meta property=\"og:locale\" content=\"en_US\" \/>\n<meta property=\"og:type\" content=\"article\" \/>\n<meta property=\"og:title\" content=\"[:ro]Umor la Gura Humorului 2025 - Premianti grafica satirica[:en]Cartoon winners 2025[:] - Humour at .... Gura Humorului\" \/>\n<meta property=\"og:description\" content=\"1st Prize &#8211; Raed Khalil &#8211; Belgia &#8211; Belgium 2nd Prize &#8211; Gelu Pascal &#8211; Rom\u00e2nia &#8211; Romania 3rd Prize &#8211; Liviu St\u0103nil\u0103 &#8211; Rom\u00e2nia &#8211; Romania George Gavrilean Prize &#8211; Hamid Soufi &#8211; Iran Viorel Corodescu COV Prize &#8211; Lucian Sergiu F\u0103rc\u0103\u0219anu &#8211; Rom\u00e2nia &#8211; Romania Menttions Nomination Children\u2019s Prizes\" \/>\n<meta property=\"og:url\" content=\"https:\/\/www.umorlagurahumorului.ro\/umor-la-gura-humorului-2025-premianti-grafica-satirica\/\" \/>\n<meta property=\"og:site_name\" content=\"Humour at .... Gura Humorului\" \/>\n<meta property=\"article:publisher\" content=\"https:\/\/www.facebook.com\/Umor-la-Gura-Humorului-Humour-at-Gura-Humorului-105184057924606\/\" \/>\n<meta property=\"article:published_time\" content=\"2025-07-17T10:57:22+00:00\" \/>\n<meta property=\"article:modified_time\" content=\"2025-07-23T07:04:17+00:00\" \/>\n<meta property=\"og:image\" content=\"https:\/\/www.umorlagurahumorului.ro\/wp-content\/uploads\/2025\/07\/RAED-KHALIL-SYRIA-1-1024x717.jpg\" \/>\n<meta name=\"author\" content=\"umorlahumor\" \/>\n<meta name=\"twitter:card\" content=\"summary_large_image\" \/>\n<meta name=\"twitter:label1\" content=\"Written by\" \/>\n\t<meta name=\"twitter:data1\" content=\"umorlahumor\" \/>\n\t<meta name=\"twitter:label2\" content=\"Est. reading time\" \/>\n\t<meta name=\"twitter:data2\" content=\"1 minute\" \/>\n<script type=\"application\/ld+json\" class=\"yoast-schema-graph\">{\"@context\":\"https:\/\/schema.org\",\"@graph\":[{\"@type\":\"Article\",\"@id\":\"https:\/\/www.umorlagurahumorului.ro\/umor-la-gura-humorului-2025-premianti-grafica-satirica\/#article\",\"isPartOf\":{\"@id\":\"https:\/\/www.umorlagurahumorului.ro\/umor-la-gura-humorului-2025-premianti-grafica-satirica\/\"},\"author\":{\"name\":\"umorlahumor\",\"@id\":\"https:\/\/www.umorlagurahumorului.ro\/#\/schema\/person\/d02dead763f1b14dc0d4289825fdc6ff\"},\"headline\":\"Cartoon winners 2025\",\"datePublished\":\"2025-07-17T10:57:22+00:00\",\"dateModified\":\"2025-07-23T07:04:17+00:00\",\"mainEntityOfPage\":{\"@id\":\"https:\/\/www.umorlagurahumorului.ro\/umor-la-gura-humorului-2025-premianti-grafica-satirica\/\"},\"wordCount\":264,\"commentCount\":0,\"publisher\":{\"@id\":\"https:\/\/www.umorlagurahumorului.ro\/#organization\"},\"articleSection\":[\"Umor\"],\"inLanguage\":\"en-US\",\"potentialAction\":[{\"@type\":\"CommentAction\",\"name\":\"Comment\",\"target\":[\"https:\/\/www.umorlagurahumorului.ro\/umor-la-gura-humorului-2025-premianti-grafica-satirica\/#respond\"]}]},{\"@type\":\"WebPage\",\"@id\":\"https:\/\/www.umorlagurahumorului.ro\/umor-la-gura-humorului-2025-premianti-grafica-satirica\/\",\"url\":\"https:\/\/www.umorlagurahumorului.ro\/umor-la-gura-humorului-2025-premianti-grafica-satirica\/\",\"name\":\"[:ro]Umor la Gura Humorului 2025 - Premianti grafica satirica[:en]Cartoon winners 2025[:] - Humour at .... Gura Humorului\",\"isPartOf\":{\"@id\":\"https:\/\/www.umorlagurahumorului.ro\/#website\"},\"datePublished\":\"2025-07-17T10:57:22+00:00\",\"dateModified\":\"2025-07-23T07:04:17+00:00\",\"breadcrumb\":{\"@id\":\"https:\/\/www.umorlagurahumorului.ro\/umor-la-gura-humorului-2025-premianti-grafica-satirica\/#breadcrumb\"},\"inLanguage\":\"en-US\",\"potentialAction\":[{\"@type\":\"ReadAction\",\"target\":[\"https:\/\/www.umorlagurahumorului.ro\/umor-la-gura-humorului-2025-premianti-grafica-satirica\/\"]}]},{\"@type\":\"BreadcrumbList\",\"@id\":\"https:\/\/www.umorlagurahumorului.ro\/umor-la-gura-humorului-2025-premianti-grafica-satirica\/#breadcrumb\",\"itemListElement\":[{\"@type\":\"ListItem\",\"position\":1,\"name\":\"Prima pagin\u0103\",\"item\":\"https:\/\/www.umorlagurahumorului.ro\/\"},{\"@type\":\"ListItem\",\"position\":2,\"name\":\"Umor la Gura Humorului 2025 &#8211; Premianti grafica satirica\"}]},{\"@type\":\"WebSite\",\"@id\":\"https:\/\/www.umorlagurahumorului.ro\/#website\",\"url\":\"https:\/\/www.umorlagurahumorului.ro\/\",\"name\":\"Umor la Gura Humorului\",\"description\":\"The International Festival of Cartoon and Humorous Literature\",\"publisher\":{\"@id\":\"https:\/\/www.umorlagurahumorului.ro\/#organization\"},\"potentialAction\":[{\"@type\":\"SearchAction\",\"target\":{\"@type\":\"EntryPoint\",\"urlTemplate\":\"https:\/\/www.umorlagurahumorului.ro\/?s={search_term_string}\"},\"query-input\":{\"@type\":\"PropertyValueSpecification\",\"valueRequired\":true,\"valueName\":\"search_term_string\"}}],\"inLanguage\":\"en-US\"},{\"@type\":\"Organization\",\"@id\":\"https:\/\/www.umorlagurahumorului.ro\/#organization\",\"name\":\"Festivalul Interna\u021bional de Grafic\u0103 Satiric\u0103 \u0219i Literatur\u0103 Umoristic\u0103 Umor la Gura Humorului\",\"url\":\"https:\/\/www.umorlagurahumorului.ro\/\",\"logo\":{\"@type\":\"ImageObject\",\"inLanguage\":\"en-US\",\"@id\":\"https:\/\/www.umorlagurahumorului.ro\/#\/schema\/logo\/image\/\",\"url\":\"https:\/\/www.umorlagurahumorului.ro\/wp-content\/uploads\/2020\/07\/umor-la-gura-humorului.jpg\",\"contentUrl\":\"https:\/\/www.umorlagurahumorului.ro\/wp-content\/uploads\/2020\/07\/umor-la-gura-humorului.jpg\",\"width\":618,\"height\":315,\"caption\":\"Festivalul Interna\u021bional de Grafic\u0103 Satiric\u0103 \u0219i Literatur\u0103 Umoristic\u0103 Umor la Gura Humorului\"},\"image\":{\"@id\":\"https:\/\/www.umorlagurahumorului.ro\/#\/schema\/logo\/image\/\"},\"sameAs\":[\"https:\/\/www.facebook.com\/Umor-la-Gura-Humorului-Humour-at-Gura-Humorului-105184057924606\/\"]},{\"@type\":\"Person\",\"@id\":\"https:\/\/www.umorlagurahumorului.ro\/#\/schema\/person\/d02dead763f1b14dc0d4289825fdc6ff\",\"name\":\"umorlahumor\",\"image\":{\"@type\":\"ImageObject\",\"inLanguage\":\"en-US\",\"@id\":\"https:\/\/www.umorlagurahumorului.ro\/#\/schema\/person\/image\/\",\"url\":\"https:\/\/secure.gravatar.com\/avatar\/eecba3e5a5b4c1e6d9eae75024ee62fe48e4f737482def34e6caee23d4f3114b?s=96&d=mm&r=g\",\"contentUrl\":\"https:\/\/secure.gravatar.com\/avatar\/eecba3e5a5b4c1e6d9eae75024ee62fe48e4f737482def34e6caee23d4f3114b?s=96&d=mm&r=g\",\"caption\":\"umorlahumor\"},\"sameAs\":[\"http:\/\/www.umorlagurahumorului.ro\"]}]}<\/script>\n<!-- \/ Yoast SEO plugin. -->","yoast_head_json":{"title":"[:ro]Umor la Gura Humorului 2025 - Premianti grafica satirica[:en]Cartoon winners 2025[:] - Humour at .... Gura Humorului","robots":{"index":"index","follow":"follow","max-snippet":"max-snippet:-1","max-image-preview":"max-image-preview:large","max-video-preview":"max-video-preview:-1"},"canonical":"https:\/\/www.umorlagurahumorului.ro\/umor-la-gura-humorului-2025-premianti-grafica-satirica\/","og_locale":"en_US","og_type":"article","og_title":"[:ro]Umor la Gura Humorului 2025 - Premianti grafica satirica[:en]Cartoon winners 2025[:] - Humour at .... Gura Humorului","og_description":"1st Prize &#8211; Raed Khalil &#8211; Belgia &#8211; Belgium 2nd Prize &#8211; Gelu Pascal &#8211; Rom\u00e2nia &#8211; Romania 3rd Prize &#8211; Liviu St\u0103nil\u0103 &#8211; Rom\u00e2nia &#8211; Romania George Gavrilean Prize &#8211; Hamid Soufi &#8211; Iran Viorel Corodescu COV Prize &#8211; Lucian Sergiu F\u0103rc\u0103\u0219anu &#8211; Rom\u00e2nia &#8211; Romania Menttions Nomination Children\u2019s Prizes","og_url":"https:\/\/www.umorlagurahumorului.ro\/umor-la-gura-humorului-2025-premianti-grafica-satirica\/","og_site_name":"Humour at .... Gura Humorului","article_publisher":"https:\/\/www.facebook.com\/Umor-la-Gura-Humorului-Humour-at-Gura-Humorului-105184057924606\/","article_published_time":"2025-07-17T10:57:22+00:00","article_modified_time":"2025-07-23T07:04:17+00:00","og_image":[{"url":"https:\/\/www.umorlagurahumorului.ro\/wp-content\/uploads\/2025\/07\/RAED-KHALIL-SYRIA-1-1024x717.jpg","type":"","width":"","height":""}],"author":"umorlahumor","twitter_card":"summary_large_image","twitter_misc":{"Written by":"umorlahumor","Est. reading time":"1 minute"},"schema":{"@context":"https:\/\/schema.org","@graph":[{"@type":"Article","@id":"https:\/\/www.umorlagurahumorului.ro\/umor-la-gura-humorului-2025-premianti-grafica-satirica\/#article","isPartOf":{"@id":"https:\/\/www.umorlagurahumorului.ro\/umor-la-gura-humorului-2025-premianti-grafica-satirica\/"},"author":{"name":"umorlahumor","@id":"https:\/\/www.umorlagurahumorului.ro\/#\/schema\/person\/d02dead763f1b14dc0d4289825fdc6ff"},"headline":"Cartoon winners 2025","datePublished":"2025-07-17T10:57:22+00:00","dateModified":"2025-07-23T07:04:17+00:00","mainEntityOfPage":{"@id":"https:\/\/www.umorlagurahumorului.ro\/umor-la-gura-humorului-2025-premianti-grafica-satirica\/"},"wordCount":264,"commentCount":0,"publisher":{"@id":"https:\/\/www.umorlagurahumorului.ro\/#organization"},"articleSection":["Umor"],"inLanguage":"en-US","potentialAction":[{"@type":"CommentAction","name":"Comment","target":["https:\/\/www.umorlagurahumorului.ro\/umor-la-gura-humorului-2025-premianti-grafica-satirica\/#respond"]}]},{"@type":"WebPage","@id":"https:\/\/www.umorlagurahumorului.ro\/umor-la-gura-humorului-2025-premianti-grafica-satirica\/","url":"https:\/\/www.umorlagurahumorului.ro\/umor-la-gura-humorului-2025-premianti-grafica-satirica\/","name":"[:ro]Umor la Gura Humorului 2025 - Premianti grafica satirica[:en]Cartoon winners 2025[:] - Humour at .... Gura Humorului","isPartOf":{"@id":"https:\/\/www.umorlagurahumorului.ro\/#website"},"datePublished":"2025-07-17T10:57:22+00:00","dateModified":"2025-07-23T07:04:17+00:00","breadcrumb":{"@id":"https:\/\/www.umorlagurahumorului.ro\/umor-la-gura-humorului-2025-premianti-grafica-satirica\/#breadcrumb"},"inLanguage":"en-US","potentialAction":[{"@type":"ReadAction","target":["https:\/\/www.umorlagurahumorului.ro\/umor-la-gura-humorului-2025-premianti-grafica-satirica\/"]}]},{"@type":"BreadcrumbList","@id":"https:\/\/www.umorlagurahumorului.ro\/umor-la-gura-humorului-2025-premianti-grafica-satirica\/#breadcrumb","itemListElement":[{"@type":"ListItem","position":1,"name":"Prima pagin\u0103","item":"https:\/\/www.umorlagurahumorului.ro\/"},{"@type":"ListItem","position":2,"name":"Umor la Gura Humorului 2025 &#8211; Premianti grafica satirica"}]},{"@type":"WebSite","@id":"https:\/\/www.umorlagurahumorului.ro\/#website","url":"https:\/\/www.umorlagurahumorului.ro\/","name":"Umor la Gura Humorului","description":"The International Festival of Cartoon and Humorous Literature","publisher":{"@id":"https:\/\/www.umorlagurahumorului.ro\/#organization"},"potentialAction":[{"@type":"SearchAction","target":{"@type":"EntryPoint","urlTemplate":"https:\/\/www.umorlagurahumorului.ro\/?s={search_term_string}"},"query-input":{"@type":"PropertyValueSpecification","valueRequired":true,"valueName":"search_term_string"}}],"inLanguage":"en-US"},{"@type":"Organization","@id":"https:\/\/www.umorlagurahumorului.ro\/#organization","name":"Festivalul Interna\u021bional de Grafic\u0103 Satiric\u0103 \u0219i Literatur\u0103 Umoristic\u0103 Umor la Gura Humorului","url":"https:\/\/www.umorlagurahumorului.ro\/","logo":{"@type":"ImageObject","inLanguage":"en-US","@id":"https:\/\/www.umorlagurahumorului.ro\/#\/schema\/logo\/image\/","url":"https:\/\/www.umorlagurahumorului.ro\/wp-content\/uploads\/2020\/07\/umor-la-gura-humorului.jpg","contentUrl":"https:\/\/www.umorlagurahumorului.ro\/wp-content\/uploads\/2020\/07\/umor-la-gura-humorului.jpg","width":618,"height":315,"caption":"Festivalul Interna\u021bional de Grafic\u0103 Satiric\u0103 \u0219i Literatur\u0103 Umoristic\u0103 Umor la Gura Humorului"},"image":{"@id":"https:\/\/www.umorlagurahumorului.ro\/#\/schema\/logo\/image\/"},"sameAs":["https:\/\/www.facebook.com\/Umor-la-Gura-Humorului-Humour-at-Gura-Humorului-105184057924606\/"]},{"@type":"Person","@id":"https:\/\/www.umorlagurahumorului.ro\/#\/schema\/person\/d02dead763f1b14dc0d4289825fdc6ff","name":"umorlahumor","image":{"@type":"ImageObject","inLanguage":"en-US","@id":"https:\/\/www.umorlagurahumorului.ro\/#\/schema\/person\/image\/","url":"https:\/\/secure.gravatar.com\/avatar\/eecba3e5a5b4c1e6d9eae75024ee62fe48e4f737482def34e6caee23d4f3114b?s=96&d=mm&r=g","contentUrl":"https:\/\/secure.gravatar.com\/avatar\/eecba3e5a5b4c1e6d9eae75024ee62fe48e4f737482def34e6caee23d4f3114b?s=96&d=mm&r=g","caption":"umorlahumor"},"sameAs":["http:\/\/www.umorlagurahumorului.ro"]}]}},"_links":{"self":[{"href":"https:\/\/www.umorlagurahumorului.ro\/en\/wp-json\/wp\/v2\/posts\/10893","targetHints":{"allow":["GET"]}}],"collection":[{"href":"https:\/\/www.umorlagurahumorului.ro\/en\/wp-json\/wp\/v2\/posts"}],"about":[{"href":"https:\/\/www.umorlagurahumorului.ro\/en\/wp-json\/wp\/v2\/types\/post"}],"author":[{"embeddable":true,"href":"https:\/\/www.umorlagurahumorului.ro\/en\/wp-json\/wp\/v2\/users\/1"}],"replies":[{"embeddable":true,"href":"https:\/\/www.umorlagurahumorului.ro\/en\/wp-json\/wp\/v2\/comments?post=10893"}],"version-history":[{"count":3,"href":"https:\/\/www.umorlagurahumorului.ro\/en\/wp-json\/wp\/v2\/posts\/10893\/revisions"}],"predecessor-version":[{"id":10986,"href":"https:\/\/www.umorlagurahumorului.ro\/en\/wp-json\/wp\/v2\/posts\/10893\/revisions\/10986"}],"wp:attachment":[{"href":"https:\/\/www.umorlagurahumorului.ro\/en\/wp-json\/wp\/v2\/media?parent=10893"}],"wp:term":[{"taxonomy":"category","embeddable":true,"href":"https:\/\/www.umorlagurahumorului.ro\/en\/wp-json\/wp\/v2\/categories?post=10893"},{"taxonomy":"post_tag","embeddable":true,"href":"https:\/\/www.umorlagurahumorului.ro\/en\/wp-json\/wp\/v2\/tags?post=10893"}],"curies":[{"name":"wp","href":"https:\/\/api.w.org\/{rel}","templated":true}]}}