{"id":10000,"date":"2022-05-14T08:45:35","date_gmt":"2022-05-14T08:45:35","guid":{"rendered":"https:\/\/www.umorlagurahumorului.ro\/?p=10000"},"modified":"2022-05-14T08:45:35","modified_gmt":"2022-05-14T08:45:35","slug":"festivalul-umor-la-gura-humorului-isi-decaleaza-perioada-de-desfasurare-cu-o-saptamana-noua-data-fiind-15-17-iulie","status":"publish","type":"post","link":"https:\/\/www.umorlagurahumorului.ro\/en\/festivalul-umor-la-gura-humorului-isi-decaleaza-perioada-de-desfasurare-cu-o-saptamana-noua-data-fiind-15-17-iulie\/","title":{"rendered":"Festivalul &#8220;Umor la &#8230; Gura Humorului&#8221; \u00ee\u0219i decaleaz\u0103 perioada de desf\u0103\u0219urare cu o s\u0103pt\u0103m\u00e2n\u0103, noua dat\u0103 fiind 15-17 iulie"},"content":{"rendered":"<p>Dragi prieteni,<br \/>\nDin motive obiective, Festivalul Interna\u021bional de Grafic\u0103 Satiric\u0103 \u0219i Literatur\u0103 Umoristic\u0103 \u201eUmor la &#8230; Gura Humorului\u201d \u00ee\u0219i decaleaz\u0103 perioada de desf\u0103\u0219urare cu o s\u0103pt\u0103m\u00e2n\u0103, noua dat\u0103 fiind 15-17 iulie.<br \/>\nNot\u0103: Toate datele pentru \u00eenscrierea \u00een concurs r\u0103m\u00e2n neschimbate.<\/p>\n<p>V\u0103 mul\u021bumim pentru \u00een\u021belegere!<\/p>\n","protected":false},"excerpt":{"rendered":"<p>Dragi prieteni, Din motive obiective, Festivalul Interna\u021bional de Grafic\u0103 Satiric\u0103 \u0219i Literatur\u0103 Umoristic\u0103 \u201eUmor la &#8230; Gura Humorului\u201d \u00ee\u0219i decaleaz\u0103 perioada de desf\u0103\u0219urare cu o s\u0103pt\u0103m\u00e2n\u0103, noua dat\u0103 fiind 15-17 iulie. Not\u0103: Toate datele pentru \u00eenscrierea \u00een concurs r\u0103m\u00e2n neschimbate. V\u0103 mul\u021bumim pentru \u00een\u021belegere!<\/p>\n","protected":false},"author":1,"featured_media":0,"comment_status":"open","ping_status":"open","sticky":false,"template":"","format":"standard","meta":{"ngg_post_thumbnail":0,"footnotes":""},"categories":[755],"tags":[],"class_list":["post-10000","post","type-post","status-publish","format-standard","hentry","category-umor"],"yoast_head":"<!-- This site is optimized with the Yoast SEO plugin v25.9 - https:\/\/yoast.com\/wordpress\/plugins\/seo\/ -->\n<title>Festivalul &quot;Umor la ... Gura Humorului&quot; \u00ee\u0219i decaleaz\u0103 perioada de desf\u0103\u0219urare cu o s\u0103pt\u0103m\u00e2n\u0103, noua dat\u0103 fiind 15-17 iulie - Humour at .... Gura Humorului<\/title>\n<meta name=\"robots\" content=\"index, follow, max-snippet:-1, max-image-preview:large, max-video-preview:-1\" \/>\n<link rel=\"canonical\" href=\"https:\/\/www.umorlagurahumorului.ro\/festivalul-umor-la-gura-humorului-isi-decaleaza-perioada-de-desfasurare-cu-o-saptamana-noua-data-fiind-15-17-iulie\/\" \/>\n<meta property=\"og:locale\" content=\"en_US\" \/>\n<meta property=\"og:type\" content=\"article\" \/>\n<meta property=\"og:title\" content=\"Festivalul &quot;Umor la ... Gura Humorului&quot; \u00ee\u0219i decaleaz\u0103 perioada de desf\u0103\u0219urare cu o s\u0103pt\u0103m\u00e2n\u0103, noua dat\u0103 fiind 15-17 iulie - Humour at .... Gura Humorului\" \/>\n<meta property=\"og:description\" content=\"Dragi prieteni, Din motive obiective, Festivalul Interna\u021bional de Grafic\u0103 Satiric\u0103 \u0219i Literatur\u0103 Umoristic\u0103 \u201eUmor la &#8230; Gura Humorului\u201d \u00ee\u0219i decaleaz\u0103 perioada de desf\u0103\u0219urare cu o s\u0103pt\u0103m\u00e2n\u0103, noua dat\u0103 fiind 15-17 iulie. Not\u0103: Toate datele pentru \u00eenscrierea \u00een concurs r\u0103m\u00e2n neschimbate. V\u0103 mul\u021bumim pentru \u00een\u021belegere!\" \/>\n<meta property=\"og:url\" content=\"https:\/\/www.umorlagurahumorului.ro\/festivalul-umor-la-gura-humorului-isi-decaleaza-perioada-de-desfasurare-cu-o-saptamana-noua-data-fiind-15-17-iulie\/\" \/>\n<meta property=\"og:site_name\" content=\"Humour at .... Gura Humorului\" \/>\n<meta property=\"article:publisher\" content=\"https:\/\/www.facebook.com\/Umor-la-Gura-Humorului-Humour-at-Gura-Humorului-105184057924606\/\" \/>\n<meta property=\"article:published_time\" content=\"2022-05-14T08:45:35+00:00\" \/>\n<meta name=\"author\" content=\"umorlahumor\" \/>\n<meta name=\"twitter:card\" content=\"summary_large_image\" \/>\n<meta name=\"twitter:label1\" content=\"Written by\" \/>\n\t<meta name=\"twitter:data1\" content=\"umorlahumor\" \/>\n<script type=\"application\/ld+json\" class=\"yoast-schema-graph\">{\"@context\":\"https:\/\/schema.org\",\"@graph\":[{\"@type\":\"Article\",\"@id\":\"https:\/\/www.umorlagurahumorului.ro\/festivalul-umor-la-gura-humorului-isi-decaleaza-perioada-de-desfasurare-cu-o-saptamana-noua-data-fiind-15-17-iulie\/#article\",\"isPartOf\":{\"@id\":\"https:\/\/www.umorlagurahumorului.ro\/festivalul-umor-la-gura-humorului-isi-decaleaza-perioada-de-desfasurare-cu-o-saptamana-noua-data-fiind-15-17-iulie\/\"},\"author\":{\"name\":\"umorlahumor\",\"@id\":\"https:\/\/www.umorlagurahumorului.ro\/#\/schema\/person\/d02dead763f1b14dc0d4289825fdc6ff\"},\"headline\":\"Festivalul &#8220;Umor la &#8230; Gura Humorului&#8221; \u00ee\u0219i decaleaz\u0103 perioada de desf\u0103\u0219urare cu o s\u0103pt\u0103m\u00e2n\u0103, noua dat\u0103 fiind 15-17 iulie\",\"datePublished\":\"2022-05-14T08:45:35+00:00\",\"mainEntityOfPage\":{\"@id\":\"https:\/\/www.umorlagurahumorului.ro\/festivalul-umor-la-gura-humorului-isi-decaleaza-perioada-de-desfasurare-cu-o-saptamana-noua-data-fiind-15-17-iulie\/\"},\"wordCount\":74,\"commentCount\":0,\"publisher\":{\"@id\":\"https:\/\/www.umorlagurahumorului.ro\/#organization\"},\"articleSection\":[\"Umor\"],\"inLanguage\":\"en-US\",\"potentialAction\":[{\"@type\":\"CommentAction\",\"name\":\"Comment\",\"target\":[\"https:\/\/www.umorlagurahumorului.ro\/festivalul-umor-la-gura-humorului-isi-decaleaza-perioada-de-desfasurare-cu-o-saptamana-noua-data-fiind-15-17-iulie\/#respond\"]}]},{\"@type\":\"WebPage\",\"@id\":\"https:\/\/www.umorlagurahumorului.ro\/festivalul-umor-la-gura-humorului-isi-decaleaza-perioada-de-desfasurare-cu-o-saptamana-noua-data-fiind-15-17-iulie\/\",\"url\":\"https:\/\/www.umorlagurahumorului.ro\/festivalul-umor-la-gura-humorului-isi-decaleaza-perioada-de-desfasurare-cu-o-saptamana-noua-data-fiind-15-17-iulie\/\",\"name\":\"Festivalul \\\"Umor la ... Gura Humorului\\\" \u00ee\u0219i decaleaz\u0103 perioada de desf\u0103\u0219urare cu o s\u0103pt\u0103m\u00e2n\u0103, noua dat\u0103 fiind 15-17 iulie - Humour at .... Gura Humorului\",\"isPartOf\":{\"@id\":\"https:\/\/www.umorlagurahumorului.ro\/#website\"},\"datePublished\":\"2022-05-14T08:45:35+00:00\",\"breadcrumb\":{\"@id\":\"https:\/\/www.umorlagurahumorului.ro\/festivalul-umor-la-gura-humorului-isi-decaleaza-perioada-de-desfasurare-cu-o-saptamana-noua-data-fiind-15-17-iulie\/#breadcrumb\"},\"inLanguage\":\"en-US\",\"potentialAction\":[{\"@type\":\"ReadAction\",\"target\":[\"https:\/\/www.umorlagurahumorului.ro\/festivalul-umor-la-gura-humorului-isi-decaleaza-perioada-de-desfasurare-cu-o-saptamana-noua-data-fiind-15-17-iulie\/\"]}]},{\"@type\":\"BreadcrumbList\",\"@id\":\"https:\/\/www.umorlagurahumorului.ro\/festivalul-umor-la-gura-humorului-isi-decaleaza-perioada-de-desfasurare-cu-o-saptamana-noua-data-fiind-15-17-iulie\/#breadcrumb\",\"itemListElement\":[{\"@type\":\"ListItem\",\"position\":1,\"name\":\"Prima pagin\u0103\",\"item\":\"https:\/\/www.umorlagurahumorului.ro\/\"},{\"@type\":\"ListItem\",\"position\":2,\"name\":\"Festivalul &#8222;Umor la &#8230; Gura Humorului&#8221; \u00ee\u0219i decaleaz\u0103 perioada de desf\u0103\u0219urare cu o s\u0103pt\u0103m\u00e2n\u0103, noua dat\u0103 fiind 15-17 iulie\"}]},{\"@type\":\"WebSite\",\"@id\":\"https:\/\/www.umorlagurahumorului.ro\/#website\",\"url\":\"https:\/\/www.umorlagurahumorului.ro\/\",\"name\":\"Umor la Gura Humorului\",\"description\":\"The International Festival of Cartoon and Humorous Literature\",\"publisher\":{\"@id\":\"https:\/\/www.umorlagurahumorului.ro\/#organization\"},\"potentialAction\":[{\"@type\":\"SearchAction\",\"target\":{\"@type\":\"EntryPoint\",\"urlTemplate\":\"https:\/\/www.umorlagurahumorului.ro\/?s={search_term_string}\"},\"query-input\":{\"@type\":\"PropertyValueSpecification\",\"valueRequired\":true,\"valueName\":\"search_term_string\"}}],\"inLanguage\":\"en-US\"},{\"@type\":\"Organization\",\"@id\":\"https:\/\/www.umorlagurahumorului.ro\/#organization\",\"name\":\"Festivalul Interna\u021bional de Grafic\u0103 Satiric\u0103 \u0219i Literatur\u0103 Umoristic\u0103 Umor la Gura Humorului\",\"url\":\"https:\/\/www.umorlagurahumorului.ro\/\",\"logo\":{\"@type\":\"ImageObject\",\"inLanguage\":\"en-US\",\"@id\":\"https:\/\/www.umorlagurahumorului.ro\/#\/schema\/logo\/image\/\",\"url\":\"https:\/\/www.umorlagurahumorului.ro\/wp-content\/uploads\/2020\/07\/umor-la-gura-humorului.jpg\",\"contentUrl\":\"https:\/\/www.umorlagurahumorului.ro\/wp-content\/uploads\/2020\/07\/umor-la-gura-humorului.jpg\",\"width\":618,\"height\":315,\"caption\":\"Festivalul Interna\u021bional de Grafic\u0103 Satiric\u0103 \u0219i Literatur\u0103 Umoristic\u0103 Umor la Gura Humorului\"},\"image\":{\"@id\":\"https:\/\/www.umorlagurahumorului.ro\/#\/schema\/logo\/image\/\"},\"sameAs\":[\"https:\/\/www.facebook.com\/Umor-la-Gura-Humorului-Humour-at-Gura-Humorului-105184057924606\/\"]},{\"@type\":\"Person\",\"@id\":\"https:\/\/www.umorlagurahumorului.ro\/#\/schema\/person\/d02dead763f1b14dc0d4289825fdc6ff\",\"name\":\"umorlahumor\",\"image\":{\"@type\":\"ImageObject\",\"inLanguage\":\"en-US\",\"@id\":\"https:\/\/www.umorlagurahumorului.ro\/#\/schema\/person\/image\/\",\"url\":\"https:\/\/secure.gravatar.com\/avatar\/eecba3e5a5b4c1e6d9eae75024ee62fe48e4f737482def34e6caee23d4f3114b?s=96&d=mm&r=g\",\"contentUrl\":\"https:\/\/secure.gravatar.com\/avatar\/eecba3e5a5b4c1e6d9eae75024ee62fe48e4f737482def34e6caee23d4f3114b?s=96&d=mm&r=g\",\"caption\":\"umorlahumor\"},\"sameAs\":[\"http:\/\/www.umorlagurahumorului.ro\"]}]}<\/script>\n<!-- \/ Yoast SEO plugin. -->","yoast_head_json":{"title":"Festivalul \"Umor la ... Gura Humorului\" \u00ee\u0219i decaleaz\u0103 perioada de desf\u0103\u0219urare cu o s\u0103pt\u0103m\u00e2n\u0103, noua dat\u0103 fiind 15-17 iulie - Humour at .... Gura Humorului","robots":{"index":"index","follow":"follow","max-snippet":"max-snippet:-1","max-image-preview":"max-image-preview:large","max-video-preview":"max-video-preview:-1"},"canonical":"https:\/\/www.umorlagurahumorului.ro\/festivalul-umor-la-gura-humorului-isi-decaleaza-perioada-de-desfasurare-cu-o-saptamana-noua-data-fiind-15-17-iulie\/","og_locale":"en_US","og_type":"article","og_title":"Festivalul \"Umor la ... Gura Humorului\" \u00ee\u0219i decaleaz\u0103 perioada de desf\u0103\u0219urare cu o s\u0103pt\u0103m\u00e2n\u0103, noua dat\u0103 fiind 15-17 iulie - Humour at .... Gura Humorului","og_description":"Dragi prieteni, Din motive obiective, Festivalul Interna\u021bional de Grafic\u0103 Satiric\u0103 \u0219i Literatur\u0103 Umoristic\u0103 \u201eUmor la &#8230; Gura Humorului\u201d \u00ee\u0219i decaleaz\u0103 perioada de desf\u0103\u0219urare cu o s\u0103pt\u0103m\u00e2n\u0103, noua dat\u0103 fiind 15-17 iulie. Not\u0103: Toate datele pentru \u00eenscrierea \u00een concurs r\u0103m\u00e2n neschimbate. V\u0103 mul\u021bumim pentru \u00een\u021belegere!","og_url":"https:\/\/www.umorlagurahumorului.ro\/festivalul-umor-la-gura-humorului-isi-decaleaza-perioada-de-desfasurare-cu-o-saptamana-noua-data-fiind-15-17-iulie\/","og_site_name":"Humour at .... Gura Humorului","article_publisher":"https:\/\/www.facebook.com\/Umor-la-Gura-Humorului-Humour-at-Gura-Humorului-105184057924606\/","article_published_time":"2022-05-14T08:45:35+00:00","author":"umorlahumor","twitter_card":"summary_large_image","twitter_misc":{"Written by":"umorlahumor"},"schema":{"@context":"https:\/\/schema.org","@graph":[{"@type":"Article","@id":"https:\/\/www.umorlagurahumorului.ro\/festivalul-umor-la-gura-humorului-isi-decaleaza-perioada-de-desfasurare-cu-o-saptamana-noua-data-fiind-15-17-iulie\/#article","isPartOf":{"@id":"https:\/\/www.umorlagurahumorului.ro\/festivalul-umor-la-gura-humorului-isi-decaleaza-perioada-de-desfasurare-cu-o-saptamana-noua-data-fiind-15-17-iulie\/"},"author":{"name":"umorlahumor","@id":"https:\/\/www.umorlagurahumorului.ro\/#\/schema\/person\/d02dead763f1b14dc0d4289825fdc6ff"},"headline":"Festivalul &#8220;Umor la &#8230; Gura Humorului&#8221; \u00ee\u0219i decaleaz\u0103 perioada de desf\u0103\u0219urare cu o s\u0103pt\u0103m\u00e2n\u0103, noua dat\u0103 fiind 15-17 iulie","datePublished":"2022-05-14T08:45:35+00:00","mainEntityOfPage":{"@id":"https:\/\/www.umorlagurahumorului.ro\/festivalul-umor-la-gura-humorului-isi-decaleaza-perioada-de-desfasurare-cu-o-saptamana-noua-data-fiind-15-17-iulie\/"},"wordCount":74,"commentCount":0,"publisher":{"@id":"https:\/\/www.umorlagurahumorului.ro\/#organization"},"articleSection":["Umor"],"inLanguage":"en-US","potentialAction":[{"@type":"CommentAction","name":"Comment","target":["https:\/\/www.umorlagurahumorului.ro\/festivalul-umor-la-gura-humorului-isi-decaleaza-perioada-de-desfasurare-cu-o-saptamana-noua-data-fiind-15-17-iulie\/#respond"]}]},{"@type":"WebPage","@id":"https:\/\/www.umorlagurahumorului.ro\/festivalul-umor-la-gura-humorului-isi-decaleaza-perioada-de-desfasurare-cu-o-saptamana-noua-data-fiind-15-17-iulie\/","url":"https:\/\/www.umorlagurahumorului.ro\/festivalul-umor-la-gura-humorului-isi-decaleaza-perioada-de-desfasurare-cu-o-saptamana-noua-data-fiind-15-17-iulie\/","name":"Festivalul \"Umor la ... Gura Humorului\" \u00ee\u0219i decaleaz\u0103 perioada de desf\u0103\u0219urare cu o s\u0103pt\u0103m\u00e2n\u0103, noua dat\u0103 fiind 15-17 iulie - Humour at .... Gura Humorului","isPartOf":{"@id":"https:\/\/www.umorlagurahumorului.ro\/#website"},"datePublished":"2022-05-14T08:45:35+00:00","breadcrumb":{"@id":"https:\/\/www.umorlagurahumorului.ro\/festivalul-umor-la-gura-humorului-isi-decaleaza-perioada-de-desfasurare-cu-o-saptamana-noua-data-fiind-15-17-iulie\/#breadcrumb"},"inLanguage":"en-US","potentialAction":[{"@type":"ReadAction","target":["https:\/\/www.umorlagurahumorului.ro\/festivalul-umor-la-gura-humorului-isi-decaleaza-perioada-de-desfasurare-cu-o-saptamana-noua-data-fiind-15-17-iulie\/"]}]},{"@type":"BreadcrumbList","@id":"https:\/\/www.umorlagurahumorului.ro\/festivalul-umor-la-gura-humorului-isi-decaleaza-perioada-de-desfasurare-cu-o-saptamana-noua-data-fiind-15-17-iulie\/#breadcrumb","itemListElement":[{"@type":"ListItem","position":1,"name":"Prima pagin\u0103","item":"https:\/\/www.umorlagurahumorului.ro\/"},{"@type":"ListItem","position":2,"name":"Festivalul &#8222;Umor la &#8230; Gura Humorului&#8221; \u00ee\u0219i decaleaz\u0103 perioada de desf\u0103\u0219urare cu o s\u0103pt\u0103m\u00e2n\u0103, noua dat\u0103 fiind 15-17 iulie"}]},{"@type":"WebSite","@id":"https:\/\/www.umorlagurahumorului.ro\/#website","url":"https:\/\/www.umorlagurahumorului.ro\/","name":"Umor la Gura Humorului","description":"The International Festival of Cartoon and Humorous Literature","publisher":{"@id":"https:\/\/www.umorlagurahumorului.ro\/#organization"},"potentialAction":[{"@type":"SearchAction","target":{"@type":"EntryPoint","urlTemplate":"https:\/\/www.umorlagurahumorului.ro\/?s={search_term_string}"},"query-input":{"@type":"PropertyValueSpecification","valueRequired":true,"valueName":"search_term_string"}}],"inLanguage":"en-US"},{"@type":"Organization","@id":"https:\/\/www.umorlagurahumorului.ro\/#organization","name":"Festivalul Interna\u021bional de Grafic\u0103 Satiric\u0103 \u0219i Literatur\u0103 Umoristic\u0103 Umor la Gura Humorului","url":"https:\/\/www.umorlagurahumorului.ro\/","logo":{"@type":"ImageObject","inLanguage":"en-US","@id":"https:\/\/www.umorlagurahumorului.ro\/#\/schema\/logo\/image\/","url":"https:\/\/www.umorlagurahumorului.ro\/wp-content\/uploads\/2020\/07\/umor-la-gura-humorului.jpg","contentUrl":"https:\/\/www.umorlagurahumorului.ro\/wp-content\/uploads\/2020\/07\/umor-la-gura-humorului.jpg","width":618,"height":315,"caption":"Festivalul Interna\u021bional de Grafic\u0103 Satiric\u0103 \u0219i Literatur\u0103 Umoristic\u0103 Umor la Gura Humorului"},"image":{"@id":"https:\/\/www.umorlagurahumorului.ro\/#\/schema\/logo\/image\/"},"sameAs":["https:\/\/www.facebook.com\/Umor-la-Gura-Humorului-Humour-at-Gura-Humorului-105184057924606\/"]},{"@type":"Person","@id":"https:\/\/www.umorlagurahumorului.ro\/#\/schema\/person\/d02dead763f1b14dc0d4289825fdc6ff","name":"umorlahumor","image":{"@type":"ImageObject","inLanguage":"en-US","@id":"https:\/\/www.umorlagurahumorului.ro\/#\/schema\/person\/image\/","url":"https:\/\/secure.gravatar.com\/avatar\/eecba3e5a5b4c1e6d9eae75024ee62fe48e4f737482def34e6caee23d4f3114b?s=96&d=mm&r=g","contentUrl":"https:\/\/secure.gravatar.com\/avatar\/eecba3e5a5b4c1e6d9eae75024ee62fe48e4f737482def34e6caee23d4f3114b?s=96&d=mm&r=g","caption":"umorlahumor"},"sameAs":["http:\/\/www.umorlagurahumorului.ro"]}]}},"_links":{"self":[{"href":"https:\/\/www.umorlagurahumorului.ro\/en\/wp-json\/wp\/v2\/posts\/10000","targetHints":{"allow":["GET"]}}],"collection":[{"href":"https:\/\/www.umorlagurahumorului.ro\/en\/wp-json\/wp\/v2\/posts"}],"about":[{"href":"https:\/\/www.umorlagurahumorului.ro\/en\/wp-json\/wp\/v2\/types\/post"}],"author":[{"embeddable":true,"href":"https:\/\/www.umorlagurahumorului.ro\/en\/wp-json\/wp\/v2\/users\/1"}],"replies":[{"embeddable":true,"href":"https:\/\/www.umorlagurahumorului.ro\/en\/wp-json\/wp\/v2\/comments?post=10000"}],"version-history":[{"count":1,"href":"https:\/\/www.umorlagurahumorului.ro\/en\/wp-json\/wp\/v2\/posts\/10000\/revisions"}],"predecessor-version":[{"id":10001,"href":"https:\/\/www.umorlagurahumorului.ro\/en\/wp-json\/wp\/v2\/posts\/10000\/revisions\/10001"}],"wp:attachment":[{"href":"https:\/\/www.umorlagurahumorului.ro\/en\/wp-json\/wp\/v2\/media?parent=10000"}],"wp:term":[{"taxonomy":"category","embeddable":true,"href":"https:\/\/www.umorlagurahumorului.ro\/en\/wp-json\/wp\/v2\/categories?post=10000"},{"taxonomy":"post_tag","embeddable":true,"href":"https:\/\/www.umorlagurahumorului.ro\/en\/wp-json\/wp\/v2\/tags?post=10000"}],"curies":[{"name":"wp","href":"https:\/\/api.w.org\/{rel}","templated":true}]}}